{"id":232574,"date":"2025-07-07T12:07:12","date_gmt":"2025-07-07T12:07:12","guid":{"rendered":"https:\/\/www.europesays.com\/fr\/232574\/"},"modified":"2025-07-07T12:07:12","modified_gmt":"2025-07-07T12:07:12","slug":"oufkir-errik-oukharti-labrax-sur-le-podium-ce-samedi-5-juillet-a-saint-georges-dorques","status":"publish","type":"post","link":"https:\/\/www.europesays.com\/fr\/232574\/","title":{"rendered":"Oufkir, Errik, Oukharti, Labrax sur le podium ce samedi 5\u00a0juillet \u00e0 Saint-Georges d\u2019Orques"},"content":{"rendered":"<p><strong>Entr\u00e9e\u00a0: 1\/2. ar\u00e8ne. Organisation\u00a0: C.T. Le Trident. Pr\u00e9sidence\u00a0: Joris Alvarez. Raseteurs droitiers\u00a0: Oukharti, Vic, Boukharta, Briand-Sastre. Raseteurs gauchers\u00a0: Aliaga, Errik, Oufkir. Tourneurs\u00a0: Rassir, Daniel.<\/strong><\/p>\n<p>Dans cette piste favorable aux raseteurs gauchers, Oufkir et Errik m\u00e8nent avec brio cette 4e \u00e9tape du Troph\u00e9e 3M, tandis qu\u2019\u00e0 droite c\u2019est Oukharti qui donne le \u00ab\u00a0la\u00a0\u00bb. C\u00f4t\u00e9 taureaux, Labrax en cocardier rigoureux se d\u00e9marque alors que Hussard et Bismarck \u00e0 respectivement 7 et 6\u00a0ans, portent les fruits de beaux espoirs. Le podium r\u00e9compense Oufkir et Oukarti ex aequo pour la 1re place, Errik 3e, et Labrax.<\/p>\n<p><strong>CREPIN (Michel, N.426).- I<\/strong>l fait le tri des sollicitations en compensant son handicap visuel et quand le blanc est dans le collimateur pousse jusqu\u2019au ras\u00a0; \u00e7a manque de liant et les ficelles rentrent en silence.<\/p>\n<p><strong>HUSSARD (Reimonen, N.802).- <\/strong>G\u00e9n\u00e9reux, il s\u2019offre avec beaucoup de jus et du mouvement. Alterne les placements, bien dans le rythme, il s\u2019explose apr\u00e8s Aliaga, apr\u00e8s avoir serr\u00e9 Boukharta sur qui il frappe plus tard. Brille avec Briand Sastre, Errik, Oukharti pour 12 mn de qualit\u00e9. 4 Carmen et retour.<\/p>\n<p><strong>UTRILLO (Chaballier, N.640).-<\/strong> En mode diesel, il se chauffe doucement, sans trop se poser ni rien refuser. Petit \u00e0 petit pousse ses offensives notamment sur Oufkir apr\u00e8s qui il bascule et m\u00e8ne une grosse s\u00e9rie pour 10 mn \u00e0 mas. 3 Carmen et retour.<\/p>\n<p><strong>LABRAX (Les Baumelles, N513).-<\/strong> Superbement arm\u00e9, il toise les blancs, choisit le devant du toril o\u00f9 il revient toujours, cocardier et dominateur. Sort avec autorit\u00e9 sur les blancs. Oufkir le d\u00e9fie \u00e0 la loyale pour des actions chaudes, pareil pour Oukharti. Tandis qu\u2019Errik trouve r\u00e9compense de ses efforts, le 2e gland dans le crochet au son de la trompette. 5 Carmen et retour.<\/p>\n<p><strong>CESAR (Sauvan N.816).-<\/strong> Fonctionne par \u00e0-coups. Passe \u00e0 l\u2019offensive sur Oukharti, Oufkir. Oufkir encore main au frontal puis Briand-Sastre passe juste dans une belle s\u00e9quence. Rentre une ficelle. 5 Carmen et retour.<\/p>\n<p><strong>BISMARCK (Saint-L\u00e9onard, N.934).- <\/strong>En voil\u00e0 un taban\u00a0! Agressif, sur le qui-vive, il raccompagne \u00e0 fond, surveille tout, se place, repart. \u00c0 6\u00a0ans, il ne s\u2019en laisse pas conter, et s\u2019envoie m\u00e9chamment avec \u00e9clats et parfois bascule.<\/p>\n<p>Prometteur, il termine ses 12 mn cul aux planches, avec ses ficelles, 5 Carmen et retour.<\/p>\n<p><strong>Le jeune KOBY (Ch\u00eane Blanc, N.138, H.P.) <\/strong>est encore bien vert, il s\u2019\u00e9parpille un peu, mais ne n\u00e9glige aucune demande plus quelques fulgurances de bon augure. 2 Carmen et retour, ficelles en place.<\/p>\n<p>Troph\u00e9e de l\u2019Avenir\u00a0: Oufkir (17), Briand-Sastre (6).Troph\u00e9e Honneur\u00a0: Errik (23).<\/p>\n","protected":false},"excerpt":{"rendered":"Entr\u00e9e\u00a0: 1\/2. ar\u00e8ne. Organisation\u00a0: C.T. Le Trident. Pr\u00e9sidence\u00a0: Joris Alvarez. Raseteurs droitiers\u00a0: Oukharti, Vic, Boukharta, Briand-Sastre. Raseteurs gauchers\u00a0:&hellip;\n","protected":false},"author":2,"featured_media":232575,"comment_status":"","ping_status":"","sticky":false,"template":"","format":"standard","meta":{"footnotes":""},"categories":[9599],"tags":[17,1111,11,13912,6466,37151,1777,674,1011,27,37153,2831,2208,12,2680,37150,37152,25,3356],"class_list":{"0":"post-232574","1":"post","2":"type-post","3":"status-publish","4":"format-standard","5":"has-post-thumbnail","7":"category-montpellier","8":"tag-17","9":"tag-actu","10":"tag-actualites","11":"tag-camarguaise","12":"tag-course","13":"tag-errik","14":"tag-eu","15":"tag-europe","16":"tag-fr","17":"tag-france","18":"tag-labrax","19":"tag-loisirs-traditions","20":"tag-montpellier","21":"tag-news","22":"tag-occitanie","23":"tag-oufkir","24":"tag-oukharti","25":"tag-republique-francaise","26":"tag-sur"},"share_on_mastodon":{"url":"https:\/\/pubeurope.com\/@fr\/114811872468003657","error":""},"_links":{"self":[{"href":"https:\/\/www.europesays.com\/fr\/wp-json\/wp\/v2\/posts\/232574","targetHints":{"allow":["GET"]}}],"collection":[{"href":"https:\/\/www.europesays.com\/fr\/wp-json\/wp\/v2\/posts"}],"about":[{"href":"https:\/\/www.europesays.com\/fr\/wp-json\/wp\/v2\/types\/post"}],"author":[{"embeddable":true,"href":"https:\/\/www.europesays.com\/fr\/wp-json\/wp\/v2\/users\/2"}],"replies":[{"embeddable":true,"href":"https:\/\/www.europesays.com\/fr\/wp-json\/wp\/v2\/comments?post=232574"}],"version-history":[{"count":0,"href":"https:\/\/www.europesays.com\/fr\/wp-json\/wp\/v2\/posts\/232574\/revisions"}],"wp:featuredmedia":[{"embeddable":true,"href":"https:\/\/www.europesays.com\/fr\/wp-json\/wp\/v2\/media\/232575"}],"wp:attachment":[{"href":"https:\/\/www.europesays.com\/fr\/wp-json\/wp\/v2\/media?parent=232574"}],"wp:term":[{"taxonomy":"category","embeddable":true,"href":"https:\/\/www.europesays.com\/fr\/wp-json\/wp\/v2\/categories?post=232574"},{"taxonomy":"post_tag","embeddable":true,"href":"https:\/\/www.europesays.com\/fr\/wp-json\/wp\/v2\/tags?post=232574"}],"curies":[{"name":"wp","href":"https:\/\/api.w.org\/{rel}","templated":true}]}}