{"id":232582,"date":"2025-07-07T12:11:10","date_gmt":"2025-07-07T12:11:10","guid":{"rendered":"https:\/\/www.europesays.com\/fr\/232582\/"},"modified":"2025-07-07T12:11:10","modified_gmt":"2025-07-07T12:11:10","slug":"un-adolescent-interpelle-apres-des-tirs-de-mortier-dartifice-sur-la-police","status":"publish","type":"post","link":"https:\/\/www.europesays.com\/fr\/232582\/","title":{"rendered":"un adolescent interpell\u00e9 apr\u00e8s des tirs de mortier d\u2019artifice sur la police"},"content":{"rendered":"<p>\t\t\t\t\t\t\t\t\t\t\t<img loading=\"lazy\" decoding=\"async\" width=\"1110\" title=\"Grenoble : un adolescent interpell\u00e9 apr\u00e8s des tirs de mortier d\u2019artifice sur la police\" class=\"img-fluid not_lzld mb-3\" src=\"https:\/\/grandgrenoble.alpes1.com\/media\/news\/thumb\/1110x624_grenoble-un-adolescent-interpelle-apres-des-tirs-de-mortier-d-artifice-sur-la-police_686b9b1b86458.webp\" alt=\"Grenoble : un adolescent interpell\u00e9 apr\u00e8s des tirs de mortier d\u2019artifice sur la police\" itemprop=\"image\" height=\"624\"\/>\t\t\t\t\t\t\t\t\t\t\t\t<\/p>\n<p>Grenoble : un adolescent interpell\u00e9 apr\u00e8s des tirs de mortier d\u2019artifice sur la police &#8211; DR<\/p>\n<p itemprop=\"description\"><strong>Des tirs de mortier d\u2019artifice ont \u00e9t\u00e9 r\u00e9alis\u00e9s sur des agents de police par des jeunes dans le quartier de la Villeneuve \u00e0 Grenoble.<\/strong><\/p>\n<p>Un adolescent a \u00e9t\u00e9 interpell\u00e9.<\/p>\n<p>Des \u00e9quipages de la brigade sp\u00e9cialis\u00e9e de terrain (BST) ont \u00e9t\u00e9 la cible de tir de mortier d\u2019artifice. Les faits se sont d\u00e9roul\u00e9s ce dimanche 6 juillet en fin d\u2019apr\u00e8s-midi, au niveau du 30 galerie de l\u2019Arlequin dans le quartier de la Villeneuve.<\/p>\n<p>Les tirs de mortier d\u2019artifice ont \u00e9t\u00e9 tir\u00e9s par un groupe de jeunes. Aucun bless\u00e9 n\u2019est \u00e0 d\u00e9plorer. Un des suspects, \u00e2g\u00e9 de 16 ans, a pu \u00eatre interpell\u00e9 vers 17h30 devant le num\u00e9ro 50.<\/p>\n<p>Quelques minutes plus tard, deux autres hommes, de 16 et 20 ans, ont \u00e9t\u00e9 arr\u00eat\u00e9s par la police pour d\u00e9tention de stup\u00e9fiants, au num\u00e9ro 110 de la galerie.<\/p>\n","protected":false},"excerpt":{"rendered":"Grenoble : un adolescent interpell\u00e9 apr\u00e8s des tirs de mortier d\u2019artifice sur la police &#8211; DR Des tirs&hellip;\n","protected":false},"author":2,"featured_media":232583,"comment_status":"","ping_status":"","sticky":false,"template":"","format":"standard","meta":{"footnotes":""},"categories":[9566],"tags":[1111,11,7733,8279,2430,7736,650,7734,2889,2263,1777,674,1011,27,2731,8280,6417,1114,108,4662,12,3725,1825,25,7737],"class_list":{"0":"post-232582","1":"post","2":"type-post","3":"status-publish","4":"format-standard","5":"has-post-thumbnail","7":"category-grenoble","8":"tag-actu","9":"tag-actualites","10":"tag-alpes","11":"tag-alpes1","12":"tag-auvergne-rhone-alpes","13":"tag-cds","14":"tag-cinema","15":"tag-ecoute","16":"tag-emission","17":"tag-equipe","18":"tag-eu","19":"tag-europe","20":"tag-fr","21":"tag-france","22":"tag-grenoble","23":"tag-haute","24":"tag-information","25":"tag-infos","26":"tag-isere","27":"tag-journal","28":"tag-news","29":"tag-podcast","30":"tag-radio","31":"tag-republique-francaise","32":"tag-winamp"},"share_on_mastodon":{"url":"https:\/\/pubeurope.com\/@fr\/114811888361238928","error":""},"_links":{"self":[{"href":"https:\/\/www.europesays.com\/fr\/wp-json\/wp\/v2\/posts\/232582","targetHints":{"allow":["GET"]}}],"collection":[{"href":"https:\/\/www.europesays.com\/fr\/wp-json\/wp\/v2\/posts"}],"about":[{"href":"https:\/\/www.europesays.com\/fr\/wp-json\/wp\/v2\/types\/post"}],"author":[{"embeddable":true,"href":"https:\/\/www.europesays.com\/fr\/wp-json\/wp\/v2\/users\/2"}],"replies":[{"embeddable":true,"href":"https:\/\/www.europesays.com\/fr\/wp-json\/wp\/v2\/comments?post=232582"}],"version-history":[{"count":0,"href":"https:\/\/www.europesays.com\/fr\/wp-json\/wp\/v2\/posts\/232582\/revisions"}],"wp:featuredmedia":[{"embeddable":true,"href":"https:\/\/www.europesays.com\/fr\/wp-json\/wp\/v2\/media\/232583"}],"wp:attachment":[{"href":"https:\/\/www.europesays.com\/fr\/wp-json\/wp\/v2\/media?parent=232582"}],"wp:term":[{"taxonomy":"category","embeddable":true,"href":"https:\/\/www.europesays.com\/fr\/wp-json\/wp\/v2\/categories?post=232582"},{"taxonomy":"post_tag","embeddable":true,"href":"https:\/\/www.europesays.com\/fr\/wp-json\/wp\/v2\/tags?post=232582"}],"curies":[{"name":"wp","href":"https:\/\/api.w.org\/{rel}","templated":true}]}}