{"id":232584,"date":"2025-07-07T12:12:12","date_gmt":"2025-07-07T12:12:12","guid":{"rendered":"https:\/\/www.europesays.com\/fr\/232584\/"},"modified":"2025-07-07T12:12:12","modified_gmt":"2025-07-07T12:12:12","slug":"cet-ancien-champion-de-grenoble-reagit","status":"publish","type":"post","link":"https:\/\/www.europesays.com\/fr\/232584\/","title":{"rendered":"cet ancien champion de Grenoble r\u00e9agit"},"content":{"rendered":"<p>            Par<br \/>\n        <strong><br \/>\n            <a href=\"https:\/\/actu.fr\/auteur\/lisa-rodrigues\" title=\"Consulter tous les articles de Lisa Rodrigues\" target=\"_blank\" rel=\"noopener\">Lisa Rodrigues<\/a><br \/>\n        <\/strong><\/p>\n<p>        Publi\u00e9 le<\/p>\n<p>            7 juil. 2025 \u00e0 14h02        <\/p>\n<p>Il est parti avec plus de <strong>2,5 millions \u20ac<\/strong> dans sa cagnotte, gagn\u00e9s durant presque deux ans de pr\u00e9sence \u00e0 l\u2019antenne. Du haut de ses 22 ans, <a href=\"https:\/\/actu.fr\/occitanie\/toulouse_31555\/12-coups-de-midi-sur-tf1-emilien-grand-champion-de-l-emission-celebre-un-anniversaire-fou_61650091.html\" target=\"_blank\" rel=\"noopener\">\u00c9milien<\/a>, est devenu le plus grand champion du jeu phare de TF1, <strong>Les 12 Coups de Midi<\/strong>. Il a finalement trouv\u00e9 plus fort que lui lors de l\u2019\u00e9mission diffus\u00e9e dimanche 6 juillet, o\u00f9 il a \u00e9t\u00e9 \u00e9limin\u00e9.<\/p>\n<p class=\" wall-content\">Au-del\u00e0 de sa performance, des anciens de l\u2019\u00e9mission ont tenu \u00e0 saluer son parcours. Parmi eux, <a href=\"https:\/\/actu.fr\/normandie\/aumale_76035\/champion-des-12-coups-de-midi-paul-el-kharrat-temoigne-sur-son-autisme-avant-le-salon-du-livre-daumale_62390261.html\" target=\"_blank\" rel=\"noopener\">Paul El Kharrat<\/a>, qui a grandi \u00e0 <a href=\"https:\/\/actu.fr\/auvergne-rhone-alpes\/grenoble_38185\" target=\"_blank\" rel=\"noopener\">Grenoble<\/a>.<\/p>\n<p>\u00ab\u00a0Son parcours remarquable\u00a0\u00bb<\/p>\n<p class=\" wall-content\">En 2019, le jeune Is\u00e9rois a d\u00e9croch\u00e9 <strong>152 victoires<\/strong> et plus de 691 000 \u20ac de gains dans l\u2019\u00e9mission, devenant \u00e0 20 ans le plus jeune champion du jeu.<\/p>\n<p class=\" wall-content\">C\u2019est dans un story Instagram que Paul a salu\u00e9 le recordman des 12 Coups de Midi pour \u00ab\u00a0son parcours remarquable d\u2019endurance, d\u2019intuition et de connaissances\u00a0\u00bb.<\/p>\n<p>    <img   decoding=\"async\" loading=\"lazy\" src=\"https:\/\/www.europesays.com\/fr\/wp-content\/uploads\/2025\/07\/reaction-paul-12-coups-de-midi-960x640.png\" alt=\"Le message de Paul El Kharrat est visible sur sa story Instagram.\" width=\"960\" height=\"640\"\/><br \/>\n    Le message de Paul El Kharrat est visible sur sa story Instagram. (\u00a9Capture Instagram paul_el_kharrat)Vid\u00e9os : en ce moment sur ActuUn duel futur sur le plateau ?<\/p>\n<p class=\" wall-content\">Si aujourd\u2019hui, Paul El Kharrat fait partie de la bande des Grosses T\u00eates sur RTL et est devenu auteur \u2013 en traitant notamment de sa vie en tant qu\u2019autiste Asperger -, il retourne de temps en temps sur le plateau du jeu.<\/p>\n<p class=\" wall-content\">Il pourrait donc tr\u00e8s bien se retrouver face \u00e0 \u00c9milien lors d\u2019\u00e9missions sp\u00e9ciales regroupant les plus grands \u00ab\u00a0Ma\u00eetres de Midi\u00a0\u00bb. Ce dernier devrait, d\u2019ailleurs, <a href=\"https:\/\/actu.fr\/loisirs-culture\/emilien-va-revenir-dans-les-12-coups-de-midi-pourquoi-vous-allez-le-retrouver-tres-bientot-dans-l-emission_62872502.html\" target=\"_blank\" rel=\"noopener\">prochainement revenir<\/a> sur TF1\u2026<\/p>\n<p class=\" wall-content\">Suivez toute l\u2019actualit\u00e9 de vos villes et m\u00e9dias favoris en vous inscrivant \u00e0 <a href=\"https:\/\/moncompte.actu.fr\" title=\"D\u00e9couvez Mon Actu\" rel=\"nofollow noopener\" data-trk=\"{&quot;cta&quot;:{&quot;action&quot;:&quot;https:\\\/\\\/moncompte.actu.fr&quot;,&quot;category&quot;:&quot;mon compte&quot;,&quot;from&quot;:&quot;article footer&quot;,&quot;name&quot;:&quot;Mon actu&quot;,&quot;type&quot;:&quot;cta&quot;}}\" target=\"_blank\">Mon Actu<\/a>.<\/p>\n","protected":false},"excerpt":{"rendered":"Par Lisa Rodrigues Publi\u00e9 le 7 juil. 2025 \u00e0 14h02 Il est parti avec plus de 2,5 millions&hellip;\n","protected":false},"author":2,"featured_media":232585,"comment_status":"","ping_status":"","sticky":false,"template":"","format":"standard","meta":{"footnotes":""},"categories":[9566],"tags":[1111,11,2430,1777,674,1011,27,2731,1305,500,12,25,252],"class_list":{"0":"post-232584","1":"post","2":"type-post","3":"status-publish","4":"format-standard","5":"has-post-thumbnail","7":"category-grenoble","8":"tag-actu","9":"tag-actualites","10":"tag-auvergne-rhone-alpes","11":"tag-eu","12":"tag-europe","13":"tag-fr","14":"tag-france","15":"tag-grenoble","16":"tag-lifestyle","17":"tag-medias","18":"tag-news","19":"tag-republique-francaise","20":"tag-television"},"share_on_mastodon":{"url":"https:\/\/pubeurope.com\/@fr\/114811892244805220","error":""},"_links":{"self":[{"href":"https:\/\/www.europesays.com\/fr\/wp-json\/wp\/v2\/posts\/232584","targetHints":{"allow":["GET"]}}],"collection":[{"href":"https:\/\/www.europesays.com\/fr\/wp-json\/wp\/v2\/posts"}],"about":[{"href":"https:\/\/www.europesays.com\/fr\/wp-json\/wp\/v2\/types\/post"}],"author":[{"embeddable":true,"href":"https:\/\/www.europesays.com\/fr\/wp-json\/wp\/v2\/users\/2"}],"replies":[{"embeddable":true,"href":"https:\/\/www.europesays.com\/fr\/wp-json\/wp\/v2\/comments?post=232584"}],"version-history":[{"count":0,"href":"https:\/\/www.europesays.com\/fr\/wp-json\/wp\/v2\/posts\/232584\/revisions"}],"wp:featuredmedia":[{"embeddable":true,"href":"https:\/\/www.europesays.com\/fr\/wp-json\/wp\/v2\/media\/232585"}],"wp:attachment":[{"href":"https:\/\/www.europesays.com\/fr\/wp-json\/wp\/v2\/media?parent=232584"}],"wp:term":[{"taxonomy":"category","embeddable":true,"href":"https:\/\/www.europesays.com\/fr\/wp-json\/wp\/v2\/categories?post=232584"},{"taxonomy":"post_tag","embeddable":true,"href":"https:\/\/www.europesays.com\/fr\/wp-json\/wp\/v2\/tags?post=232584"}],"curies":[{"name":"wp","href":"https:\/\/api.w.org\/{rel}","templated":true}]}}