{"id":232590,"date":"2025-07-07T12:15:10","date_gmt":"2025-07-07T12:15:10","guid":{"rendered":"https:\/\/www.europesays.com\/fr\/232590\/"},"modified":"2025-07-07T12:15:10","modified_gmt":"2025-07-07T12:15:10","slug":"de-nombreux-travaux-commencent-ce-lundi-voici-le-detail-des-perturbations","status":"publish","type":"post","link":"https:\/\/www.europesays.com\/fr\/232590\/","title":{"rendered":"de nombreux travaux commencent ce lundi, voici le d\u00e9tail des perturbations"},"content":{"rendered":"<p>            Par<br \/>\n        <strong><br \/>\n            <a href=\"https:\/\/actu.fr\/auteur\/redaction-strasbourg\" title=\"Consulter tous les articles de R\u00e9daction Strasbourg\" rel=\"nofollow noopener\" target=\"_blank\">R\u00e9daction Strasbourg<\/a><br \/>\n        <\/strong><\/p>\n<p>        Publi\u00e9 le<\/p>\n<p>            7 juil. 2025 \u00e0 7h02        <\/p>\n<p>Comme chaque ann\u00e9e, \u00e9t\u00e9 rime avec <strong>travaux<\/strong>. D\u00e8s ce lundi 7 juillet, certains am\u00e9nagements engendrent des <strong>perturbations<\/strong> dans les rues de <strong>Strasbourg<\/strong> (<a href=\"https:\/\/actu.fr\/strasbourg\/\" rel=\"nofollow noopener\" target=\"_blank\">Bas-Rhin<\/a>), les voici en <strong>d\u00e9tail<\/strong>.<\/p>\n<p>Am\u00e9nagement de voies r\u00e9serv\u00e9es aux transports en commun<\/p>\n<p class=\" wall-content\">Dans le cadre du projet du <a href=\"https:\/\/actu.fr\/grand-est\/strasbourg_67482\/reseau-express-metropolitain-europeen-reme-une-offre-amelioree-mais-toujours-pas-au-niveau_61382822.html\" rel=\"nofollow noopener\" target=\"_blank\">r\u00e9seau express m\u00e9tropolitain europ\u00e9en (REME)<\/a> qui comprend notamment l\u2019am\u00e9nagement des voies r\u00e9serv\u00e9es aux transports en commun sur la <strong>M351 et la M35<\/strong>, l\u2019Eurom\u00e9tropole, qui assure la ma\u00eetrise d\u2019ouvrage de ce chantier entre Oberschaeffolsheim et Strasbourg, lance ce lundi 7 juillet les travaux de la <strong>derni\u00e8re section entre Hautepierre et les Halles<\/strong>.<\/p>\n<p class=\" wall-content\">Les sections entre Oberschaeffolsheim et Wolfisheim ont d\u00e9j\u00e0 \u00e9t\u00e9 livr\u00e9es en 2022 et, entre Wolfisheim et Hautepierre, le 12 novembre 2024. Ne reste plus que celle entre Hautepierre et l\u2019\u00e9changeur de Cronenbourg sur la M35.<\/p>\n<p class=\" wall-content\">La premi\u00e8re phase de travaux consistera \u00e0 l\u2019am\u00e9nagement urbain du TSPO (Transport en site propre de l\u2019ouest strasbourgeois) dans la bretelle de sortie n\u00b02 \u00ab\u2009Place des Halles\u2009\u00bb pour cr\u00e9er deux voies de circulation. En cons\u00e9quence, \u00e0 partir de ce lundi, <strong>la bretelle de sortie \u00ab\u2009Place des Halles\u2009\u00bb sera ferm\u00e9e<\/strong> et une d\u00e9viation par la sortie \u00ab\u2009Cronenbourg \/ march\u00e9 gare\u2009\u00bb dans le sens Colmar vers Strasbourg sera mise en place jusqu\u2019au 21\u00a0novembre 2025. Des restrictions de circulation sur la rue du Bataillon de Marche n\u00b024 d\u00e8s le 7\u00a0juillet sont aussi \u00e0 pr\u00e9voir.<\/p>\n<p>Ring v\u00e9los pi\u00e9tons\u00a0dans le secteur Krutenau-Austerlitz<\/p>\n<p class=\" wall-content\">Les <a href=\"https:\/\/actu.fr\/grand-est\/strasbourg_67482\/projet-de-ring-velo-a-strasbourg-voici-ce-qui-va-changer-des-2023_56572198.html\" rel=\"nofollow noopener\" target=\"_blank\">travaux du Ring<\/a>, qui consistent \u00e0 am\u00e9nager le pourtour de la Grande-\u00cele, se poursuivent \u00e0 la Krutenau o\u00f9 le <strong>chantier entre dans sa phase finale<\/strong> de la rue des Orphelins et de la rue de Zurich d\u00e8s ce lundi. Ce sont des travaux de pr\u00e9paration et de mise en \u0153uvre des nouvelles couches de roulement qui seront r\u00e9alis\u00e9es jusqu\u2019au mardi 29 juillet.<\/p>\n<p>Vid\u00e9os : en ce moment sur Actu<\/p>\n<p class=\" wall-content\">En cons\u00e9quence, la <strong>rue des Orphelins<\/strong> sera <strong>compl\u00e8tement barr\u00e9e<\/strong> \u00e0 la circulation automobile d\u00e8s ce lundi et jusqu\u2019au 21\u00a0juillet. Par ailleurs, la ligne de<strong> bus 10\u00a0<\/strong>sera \u00e9galement <strong>d\u00e9vi\u00e9e\u00a0<\/strong>entre le 7 et le 18\u00a0juillet, et les arr\u00eats de la place de Zurich ne seront pas desservis. L\u2019arr\u00eat le plus proche \u00e0 privil\u00e9gier est \u00ab\u2009Krutenau\u2009\u00bb, au droit du 48 rue de la Krutenau.<\/p>\n<p class=\" wall-content\">Entre le lundi\u00a021 et le vendredi 25\u00a0juillet, la rue de Zurich sera<strong> sous circulation altern\u00e9e<\/strong> g\u00e9r\u00e9e par des feux de circulation et la nuit du lundi\u00a028 au mardi 29\u00a0juillet (de 21\u2009h\u200900 \u00e0 5\u2009h\u200900), la rue de Zurich sera compl\u00e8tement barr\u00e9e \u00e0 la circulation automobile. Des d\u00e9viations seront mises en place.<\/p>\n<p class=\" wall-content\">Suivez toute l\u2019actualit\u00e9 de vos villes et m\u00e9dias favoris en vous inscrivant \u00e0 <a href=\"https:\/\/moncompte.actu.fr\" title=\"D\u00e9couvez Mon Actu\" rel=\"nofollow noopener\" data-trk=\"{&quot;cta&quot;:{&quot;action&quot;:&quot;https:\\\/\\\/moncompte.actu.fr&quot;,&quot;category&quot;:&quot;mon compte&quot;,&quot;from&quot;:&quot;article footer&quot;,&quot;name&quot;:&quot;Mon actu&quot;,&quot;type&quot;:&quot;cta&quot;}}\" target=\"_blank\">Mon Actu<\/a>.<\/p>\n","protected":false},"excerpt":{"rendered":"Par R\u00e9daction Strasbourg Publi\u00e9 le 7 juil. 2025 \u00e0 7h02 Comme chaque ann\u00e9e, \u00e9t\u00e9 rime avec travaux. D\u00e8s&hellip;\n","protected":false},"author":2,"featured_media":232591,"comment_status":"","ping_status":"","sticky":false,"template":"","format":"standard","meta":{"footnotes":""},"categories":[2820],"tags":[1111,11,1777,674,1011,27,775,12,25,104,640,2086],"class_list":{"0":"post-232590","1":"post","2":"type-post","3":"status-publish","4":"format-standard","5":"has-post-thumbnail","7":"category-strasbourg","8":"tag-actu","9":"tag-actualites","10":"tag-eu","11":"tag-europe","12":"tag-fr","13":"tag-france","14":"tag-grand-est","15":"tag-news","16":"tag-republique-francaise","17":"tag-societe","18":"tag-strasbourg","19":"tag-travaux"},"share_on_mastodon":{"url":"https:\/\/pubeurope.com\/@fr\/114811903886482803","error":""},"_links":{"self":[{"href":"https:\/\/www.europesays.com\/fr\/wp-json\/wp\/v2\/posts\/232590","targetHints":{"allow":["GET"]}}],"collection":[{"href":"https:\/\/www.europesays.com\/fr\/wp-json\/wp\/v2\/posts"}],"about":[{"href":"https:\/\/www.europesays.com\/fr\/wp-json\/wp\/v2\/types\/post"}],"author":[{"embeddable":true,"href":"https:\/\/www.europesays.com\/fr\/wp-json\/wp\/v2\/users\/2"}],"replies":[{"embeddable":true,"href":"https:\/\/www.europesays.com\/fr\/wp-json\/wp\/v2\/comments?post=232590"}],"version-history":[{"count":0,"href":"https:\/\/www.europesays.com\/fr\/wp-json\/wp\/v2\/posts\/232590\/revisions"}],"wp:featuredmedia":[{"embeddable":true,"href":"https:\/\/www.europesays.com\/fr\/wp-json\/wp\/v2\/media\/232591"}],"wp:attachment":[{"href":"https:\/\/www.europesays.com\/fr\/wp-json\/wp\/v2\/media?parent=232590"}],"wp:term":[{"taxonomy":"category","embeddable":true,"href":"https:\/\/www.europesays.com\/fr\/wp-json\/wp\/v2\/categories?post=232590"},{"taxonomy":"post_tag","embeddable":true,"href":"https:\/\/www.europesays.com\/fr\/wp-json\/wp\/v2\/tags?post=232590"}],"curies":[{"name":"wp","href":"https:\/\/api.w.org\/{rel}","templated":true}]}}