{"id":232598,"date":"2025-07-07T12:19:17","date_gmt":"2025-07-07T12:19:17","guid":{"rendered":"https:\/\/www.europesays.com\/fr\/232598\/"},"modified":"2025-07-07T12:19:17","modified_gmt":"2025-07-07T12:19:17","slug":"des-marches-nocturnes-organises-tout-au-long-de-lete-dans-ce-camping","status":"publish","type":"post","link":"https:\/\/www.europesays.com\/fr\/232598\/","title":{"rendered":"des march\u00e9s nocturnes organis\u00e9s tout au long de l&rsquo;\u00e9t\u00e9 dans ce camping"},"content":{"rendered":"<p>            Par<br \/>\n        <strong><br \/>\n            <a href=\"https:\/\/actu.fr\/auteur\/clemence-pays02-actu-fr\" title=\"Consulter tous les articles de Cl\u00e9mence Pays\" rel=\"nofollow noopener\" target=\"_blank\">Cl\u00e9mence Pays<\/a><br \/>\n        <\/strong><\/p>\n<p>        Publi\u00e9 le<\/p>\n<p>            7 juil. 2025 \u00e0 7h44        <\/p>\n<p>Le<strong> march\u00e9 estival de Nantes Camping<\/strong> fait son grand retour au Petit-Port pour une 11e \u00e9dition. Situ\u00e9 au c\u0153ur du parc arbor\u00e9 du camping, ce march\u00e9 hebdomadaire se d\u00e9roule chaque <strong>mardi soir,<\/strong> \u00e0 compter <strong>du 8\u00a0juillet et jusqu\u2019au 26\u00a0ao\u00fbt 2025.<\/strong><\/p>\n<p class=\" wall-content\">Chaque semaine, pr\u00e8s de <strong>60\u00a0exposants<\/strong> seront pr\u00e9sents pour proposer leurs cr\u00e9ations\u2009: bijoux artisanaux, v\u00eatements upcycl\u00e9s, jeux, d\u00e9coration, cosm\u00e9tiques naturels, produits de la gastronomie locale\u2026<\/p>\n<p>Des animations pour petits et grands<\/p>\n<p class=\" wall-content\">En plus du march\u00e9, des <strong>balades \u00e0 poney<\/strong> sont organis\u00e9es pour les enfants.<\/p>\n<p class=\" wall-content\">Le <strong>mini-golf artistique<\/strong> Petits voyages extraordinaires, inspir\u00e9 par l\u2019\u0153uvre de Jules Vernes, fait \u00e9galement son retour.<\/p>\n<p class=\" wall-content\"><strong>Aires de jeux<\/strong> (ch\u00e2teau gonflable, balan\u00e7oires\u2026), stands gourmands et snack-bar compl\u00e8tent l\u2019offre.<\/p>\n<p>Vid\u00e9os : en ce moment sur Actu<\/p>\n<p><strong>Infos pratiques\u2009:<\/strong><br \/>March\u00e9 estival au Petit-Port, tous les mardis, du 8\u00a0juillet au 26\u00a0ao\u00fbt 2025, de 18h30 \u00e0 21h30, au Nantes Camping, 21 boulevard du Petit-Port, Nantes.<\/p>\n<p class=\" wall-content\">Suivez toute l\u2019actualit\u00e9 de vos villes et m\u00e9dias favoris en vous inscrivant \u00e0 <a href=\"https:\/\/moncompte.actu.fr\" title=\"D\u00e9couvez Mon Actu\" rel=\"nofollow noopener\" data-trk=\"{&quot;cta&quot;:{&quot;action&quot;:&quot;https:\\\/\\\/moncompte.actu.fr&quot;,&quot;category&quot;:&quot;mon compte&quot;,&quot;from&quot;:&quot;article footer&quot;,&quot;name&quot;:&quot;Mon actu&quot;,&quot;type&quot;:&quot;cta&quot;}}\" target=\"_blank\">Mon Actu<\/a>.<\/p>\n","protected":false},"excerpt":{"rendered":"Par Cl\u00e9mence Pays Publi\u00e9 le 7 juil. 2025 \u00e0 7h44 Le march\u00e9 estival de Nantes Camping fait son&hellip;\n","protected":false},"author":2,"featured_media":232599,"comment_status":"","ping_status":"","sticky":false,"template":"","format":"standard","meta":{"footnotes":""},"categories":[2818],"tags":[1111,11,1777,674,1011,27,1652,2089,766,12,2636,25],"class_list":{"0":"post-232598","1":"post","2":"type-post","3":"status-publish","4":"format-standard","5":"has-post-thumbnail","7":"category-nantes","8":"tag-actu","9":"tag-actualites","10":"tag-eu","11":"tag-europe","12":"tag-fr","13":"tag-france","14":"tag-loisirs-culture","15":"tag-marche","16":"tag-nantes","17":"tag-news","18":"tag-pays-de-la-loire","19":"tag-republique-francaise"},"share_on_mastodon":{"url":"https:\/\/pubeurope.com\/@fr\/114811919658933588","error":""},"_links":{"self":[{"href":"https:\/\/www.europesays.com\/fr\/wp-json\/wp\/v2\/posts\/232598","targetHints":{"allow":["GET"]}}],"collection":[{"href":"https:\/\/www.europesays.com\/fr\/wp-json\/wp\/v2\/posts"}],"about":[{"href":"https:\/\/www.europesays.com\/fr\/wp-json\/wp\/v2\/types\/post"}],"author":[{"embeddable":true,"href":"https:\/\/www.europesays.com\/fr\/wp-json\/wp\/v2\/users\/2"}],"replies":[{"embeddable":true,"href":"https:\/\/www.europesays.com\/fr\/wp-json\/wp\/v2\/comments?post=232598"}],"version-history":[{"count":0,"href":"https:\/\/www.europesays.com\/fr\/wp-json\/wp\/v2\/posts\/232598\/revisions"}],"wp:featuredmedia":[{"embeddable":true,"href":"https:\/\/www.europesays.com\/fr\/wp-json\/wp\/v2\/media\/232599"}],"wp:attachment":[{"href":"https:\/\/www.europesays.com\/fr\/wp-json\/wp\/v2\/media?parent=232598"}],"wp:term":[{"taxonomy":"category","embeddable":true,"href":"https:\/\/www.europesays.com\/fr\/wp-json\/wp\/v2\/categories?post=232598"},{"taxonomy":"post_tag","embeddable":true,"href":"https:\/\/www.europesays.com\/fr\/wp-json\/wp\/v2\/tags?post=232598"}],"curies":[{"name":"wp","href":"https:\/\/api.w.org\/{rel}","templated":true}]}}