{"id":232604,"date":"2025-07-07T12:22:10","date_gmt":"2025-07-07T12:22:10","guid":{"rendered":"https:\/\/www.europesays.com\/fr\/232604\/"},"modified":"2025-07-07T12:22:10","modified_gmt":"2025-07-07T12:22:10","slug":"girondins-abou-ba-officiellement-bordelais","status":"publish","type":"post","link":"https:\/\/www.europesays.com\/fr\/232604\/","title":{"rendered":"Girondins : Abou Ba officiellement bordelais"},"content":{"rendered":"<p><img decoding=\"async\" src=\"https:\/\/www.europesays.com\/fr\/wp-content\/uploads\/2025\/07\/671_0029a9eab02e1ce806d16373643cceae.jpg\" alt=\"Girondins : Abou Ba officiellement bordelais\" class=\"img-responsive mt-3\"\/><\/p>\n<p class=\"text-center mb-3\" style=\"font-size: 14px\">\u00a9 Iconsport<\/p>\n<p style=\"text-align: justify;\">\u00ab\u00a0Abou Ba rejoint les Girondins de Bordeaux. Milieu de terrain d\u00e9fensif athl\u00e9tique, il jouait la saison derni\u00e8re en National sous les couleurs de Villefranche. \u00c2g\u00e9 de 26 ans il a aussi d\u00e9j\u00e0 \u00e9volu\u00e9 en Serie B italienne, premi\u00e8re division grecque et en Ligue 2. Un renfort pr\u00e9cieux pour l\u2019entrejeu bordelais\u00a0\u00bb<\/p>\n<blockquote class=\"twitter-tweet\">\n<p dir=\"ltr\" lang=\"fr\">???????????????????????????????????? ???????????????? :blue_heart:<\/p>\n<p>Abou Ba rejoint les Girondins de Bordeaux. Milieu de terrain d\u00e9fensif athl\u00e9tique, il jouait la saison derni\u00e8re en National sous les couleurs de Villefranche. \u00c2g\u00e9 de 26 ans il a aussi d\u00e9j\u00e0 \u00e9volu\u00e9 en Serie B italienne, premi\u00e8re division grecque et\u2026 <a href=\"https:\/\/t.co\/K4cWuXs1hX\">pic.twitter.com\/K4cWuXs1hX<\/a><\/p>\n<p>\u2014 FC Girondins de Bordeaux (@girondins) <a href=\"https:\/\/twitter.com\/girondins\/status\/1942181898626703648?ref_src=twsrc%5Etfw\" target=\"_blank\" rel=\"noopener\">July 7, 2025<\/a>\n<\/p><\/blockquote>\n<p><strong>Abou Ba<\/strong> : milieu d\u00e9fensif droitier (26 ans, 1,83m). Il arrive libre apr\u00e8s une demi-saison avec Villefranche en National 1 (15 matchs jou\u00e9s). Il a \u00e9t\u00e9 international fran\u00e7ais U20. Il a \u00e9t\u00e9 form\u00e9 \u00e0 l&rsquo;AS Nancy Lorraine, pass\u00e9 par le FC Nantes.<\/p>\n<p>\u00c0 lire &gt;&gt; <strong><a href=\"https:\/\/www.webgirondins.com\/actualite-girondins-girondins-les-noms-des-premieres-recrues-devoilees-a-bordeaux-129644\" target=\"_blank\" rel=\"noopener\">les noms des premi\u00e8res recrues d\u00e9voil\u00e9es \u00e0 Bordeaux<\/a><\/strong><\/p>\n<p><strong><br \/><\/strong>Notre podcast court \u00e0 \u00e9couter :<\/p>\n<p>\u00a0<\/p>\n<p>    <script async src=\"https:\/\/platform.twitter.com\/widgets.js\" charset=\"utf-8\"><\/script><\/p>\n","protected":false},"excerpt":{"rendered":"\u00a9 Iconsport \u00ab\u00a0Abou Ba rejoint les Girondins de Bordeaux. Milieu de terrain d\u00e9fensif athl\u00e9tique, il jouait la saison&hellip;\n","protected":false},"author":2,"featured_media":232605,"comment_status":"","ping_status":"","sticky":false,"template":"","format":"standard","meta":{"footnotes":""},"categories":[2817],"tags":[37154,1111,11,1997,6950,1777,674,1011,27,29680,1987,12413,3238,12,2219,28960,11137,20733,25,37155,13040,3945,19508],"class_list":{"0":"post-232604","1":"post","2":"type-post","3":"status-publish","4":"format-standard","5":"has-post-thumbnail","7":"category-bordeaux","8":"tag-abou","9":"tag-actu","10":"tag-actualites","11":"tag-bordeaux","12":"tag-bordelais","13":"tag-eu","14":"tag-europe","15":"tag-fr","16":"tag-france","17":"tag-franco","18":"tag-girondins","19":"tag-milieu","20":"tag-national","21":"tag-news","22":"tag-nouvelle-aquitaine","23":"tag-officialise","24":"tag-officiellement","25":"tag-provenance","26":"tag-republique-francaise","27":"tag-senegalais","28":"tag-signature","29":"tag-terrain","30":"tag-villefranche"},"share_on_mastodon":{"url":"https:\/\/pubeurope.com\/@fr\/114811931449774908","error":""},"_links":{"self":[{"href":"https:\/\/www.europesays.com\/fr\/wp-json\/wp\/v2\/posts\/232604","targetHints":{"allow":["GET"]}}],"collection":[{"href":"https:\/\/www.europesays.com\/fr\/wp-json\/wp\/v2\/posts"}],"about":[{"href":"https:\/\/www.europesays.com\/fr\/wp-json\/wp\/v2\/types\/post"}],"author":[{"embeddable":true,"href":"https:\/\/www.europesays.com\/fr\/wp-json\/wp\/v2\/users\/2"}],"replies":[{"embeddable":true,"href":"https:\/\/www.europesays.com\/fr\/wp-json\/wp\/v2\/comments?post=232604"}],"version-history":[{"count":0,"href":"https:\/\/www.europesays.com\/fr\/wp-json\/wp\/v2\/posts\/232604\/revisions"}],"wp:featuredmedia":[{"embeddable":true,"href":"https:\/\/www.europesays.com\/fr\/wp-json\/wp\/v2\/media\/232605"}],"wp:attachment":[{"href":"https:\/\/www.europesays.com\/fr\/wp-json\/wp\/v2\/media?parent=232604"}],"wp:term":[{"taxonomy":"category","embeddable":true,"href":"https:\/\/www.europesays.com\/fr\/wp-json\/wp\/v2\/categories?post=232604"},{"taxonomy":"post_tag","embeddable":true,"href":"https:\/\/www.europesays.com\/fr\/wp-json\/wp\/v2\/tags?post=232604"}],"curies":[{"name":"wp","href":"https:\/\/api.w.org\/{rel}","templated":true}]}}