{"id":232614,"date":"2025-07-07T12:29:08","date_gmt":"2025-07-07T12:29:08","guid":{"rendered":"https:\/\/www.europesays.com\/fr\/232614\/"},"modified":"2025-07-07T12:29:08","modified_gmt":"2025-07-07T12:29:08","slug":"un-homme-violemment-passe-a-tabac-en-plein-centre-ville","status":"publish","type":"post","link":"https:\/\/www.europesays.com\/fr\/232614\/","title":{"rendered":"un homme violemment pass\u00e9 \u00e0 tabac en plein centre-ville"},"content":{"rendered":"<p itemprop=\"description\"><strong>Il ne risquait pas de se faire renverser par une voiture, gr\u00e2ce \u00e0 la ZTL. Mais \u00e7a ne l\u2019a pas emp\u00each\u00e9 de se faire rouer de coups.<\/strong><\/p>\n<p>La Presqu\u2019\u00eele sans voitures, mais pas sans violences.\u00a0La vid\u00e9o d\u2019une rixe particuli\u00e8rement violente en plein c\u0153ur de Lyon circule depuis ce week-end sur les <a href=\"https:\/\/www.tiktok.com\/@the_philo_sofer\/video\/7523766649887984918?_t=ZN-8xpDLXovEOM&amp;_r=1\" target=\"_blank\" rel=\"noopener\">r\u00e9seaux sociaux<\/a>.<\/p>\n<p>Les faits se sont d\u00e9roul\u00e9s dans la nuit du samedi 5 au dimanche 6 juillet, au niveau du 17 rue de la R\u00e9publique, en Presqu\u2019\u00eele.<\/p>\n<p>Sur les images, on distingue un homme \u00e0 terre, au milieu de la chauss\u00e9e, frapp\u00e9 \u00e0 coups de pied et de poing par un groupe d\u2019au moins cinq individus. Trois d\u2019entre eux semblent ensuite poursuivre un autre jeune, possiblement un proche de la victime, pour l\u2019agresser \u00e0 son tour. Des passants se pr\u00e9cipitent ensuite vers la victime rest\u00e9e au sol pour lui venir en aide.<\/p>\n<p>Contact\u00e9e, la direction interd\u00e9partementale de la police nationale (DIPN) nous confirme avoir \u00e9t\u00e9 alert\u00e9 de cette rixe :\u00a0\u00ab\u00a0Une patrouille s\u2019est rendue sur place le 6 juillet vers 2h45.\u00a0\u00bb Mais \u00e0 leur arriv\u00e9e, plus personne n\u2019\u00e9tait pr\u00e9sent sur les lieux.\u00a0<\/p>\n<p>L\u2019affaire est donc rest\u00e9e, \u00e0 ce stade,\u00a0sans suite.<\/p>\n<p>\t\t  <script async src=\"\/\/www.tiktok.com\/embed.js\"><\/script><\/p>\n","protected":false},"excerpt":{"rendered":"Il ne risquait pas de se faire renverser par une voiture, gr\u00e2ce \u00e0 la ZTL. Mais \u00e7a ne&hellip;\n","protected":false},"author":2,"featured_media":232615,"comment_status":"","ping_status":"","sticky":false,"template":"","format":"standard","meta":{"footnotes":""},"categories":[1889],"tags":[1111,11,2813,2190,2430,1109,251,1112,2811,1777,674,118,1011,27,1922,1110,1114,2428,2810,12,241,316,25,2812,517,800],"class_list":{"0":"post-232614","1":"post","2":"type-post","3":"status-publish","4":"format-standard","5":"has-post-thumbnail","7":"category-lyon","8":"tag-actu","9":"tag-actualites","10":"tag-article","11":"tag-asvel","12":"tag-auvergne-rhone-alpes","13":"tag-breves","14":"tag-culture","15":"tag-depeches","16":"tag-economique","17":"tag-eu","18":"tag-europe","19":"tag-faits-divers","20":"tag-fr","21":"tag-france","22":"tag-info","23":"tag-informations","24":"tag-infos","25":"tag-lyon","26":"tag-lyonmag","27":"tag-news","28":"tag-ol","29":"tag-politique","30":"tag-republique-francaise","31":"tag-sociale","32":"tag-sport","33":"tag-transports"},"share_on_mastodon":{"url":"https:\/\/pubeurope.com\/@fr\/114811958997862728","error":""},"_links":{"self":[{"href":"https:\/\/www.europesays.com\/fr\/wp-json\/wp\/v2\/posts\/232614","targetHints":{"allow":["GET"]}}],"collection":[{"href":"https:\/\/www.europesays.com\/fr\/wp-json\/wp\/v2\/posts"}],"about":[{"href":"https:\/\/www.europesays.com\/fr\/wp-json\/wp\/v2\/types\/post"}],"author":[{"embeddable":true,"href":"https:\/\/www.europesays.com\/fr\/wp-json\/wp\/v2\/users\/2"}],"replies":[{"embeddable":true,"href":"https:\/\/www.europesays.com\/fr\/wp-json\/wp\/v2\/comments?post=232614"}],"version-history":[{"count":0,"href":"https:\/\/www.europesays.com\/fr\/wp-json\/wp\/v2\/posts\/232614\/revisions"}],"wp:featuredmedia":[{"embeddable":true,"href":"https:\/\/www.europesays.com\/fr\/wp-json\/wp\/v2\/media\/232615"}],"wp:attachment":[{"href":"https:\/\/www.europesays.com\/fr\/wp-json\/wp\/v2\/media?parent=232614"}],"wp:term":[{"taxonomy":"category","embeddable":true,"href":"https:\/\/www.europesays.com\/fr\/wp-json\/wp\/v2\/categories?post=232614"},{"taxonomy":"post_tag","embeddable":true,"href":"https:\/\/www.europesays.com\/fr\/wp-json\/wp\/v2\/tags?post=232614"}],"curies":[{"name":"wp","href":"https:\/\/api.w.org\/{rel}","templated":true}]}}