{"id":232620,"date":"2025-07-07T12:33:10","date_gmt":"2025-07-07T12:33:10","guid":{"rendered":"https:\/\/www.europesays.com\/fr\/232620\/"},"modified":"2025-07-07T12:33:10","modified_gmt":"2025-07-07T12:33:10","slug":"affaire-auradou-jegou-un-an-apres-le-quotidien-toujours-difficile-de-la-plaignante","status":"publish","type":"post","link":"https:\/\/www.europesays.com\/fr\/232620\/","title":{"rendered":"Affaire Auradou-Jegou\u00a0: un an apr\u00e8s, le quotidien \u00ab\u00a0toujours difficile\u00a0\u00bb de la plaignante"},"content":{"rendered":"<p class=\"paragraph text_align_left lp-f-body-02\">C\u2019\u00e9tait il y a un an : une tourn\u00e9e d\u2019\u00e9t\u00e9 du <a href=\"https:\/\/www.leparisien.fr\/sports\/rugby\/xv-de-france\/\" target=\"_blank\" rel=\"noreferrer nofollow noopener\">XV de France<\/a> en Am\u00e9rique du Sud, un succ\u00e8s contre l\u2019Argentine \u00e0 Mendoza (28-13), une troisi\u00e8me mi-temps alcoolis\u00e9e, l\u2019exclusion du groupe bleu de <a href=\"https:\/\/www.leparisien.fr\/sports\/rugby\/xv-de-france\/xv-de-france-franchement-il-est-sur-un-chemin-interessant-florian-grill-salue-melvyn-jaminet-18-06-2025-JJ2I54W43NCTDKLKF5XYGS5GPE.php\" target=\"_blank\" rel=\"noreferrer nofollow noopener\">Melvyn Jaminet<\/a> \u00e0 la suite de la diffusion d\u2019une vid\u00e9o dans laquelle il tenait des propos racistes, et le d\u00e9but de la retentissante <a href=\"https:\/\/www.leparisien.fr\/sports\/rugby\/affaire-jegou-auradou\/\" target=\"_blank\" rel=\"noreferrer nofollow noopener\">affaire Auradou-Jegou<\/a>, du nom des deux joueurs accus\u00e9s de \u00ab viol aggrav\u00e9 en r\u00e9union \u00bb par une femme de 39 ans, quelques heures apr\u00e8s cette nuit du 6 au 7 juillet 2024.<\/p>\n<p class=\"paragraph text_align_left lp-f-body-02\">Arr\u00eat\u00e9s, temporairement incarc\u00e9r\u00e9s puis mis en examen pendant pr\u00e8s de cinq mois, le deuxi\u00e8me ligne de Pau et le troisi\u00e8me ligne de La Rochelle <a href=\"https:\/\/www.leparisien.fr\/sports\/rugby\/xv-de-france\/affaire-auradou-jegou-le-non-lieu-officiellement-prononce-par-la-justice-argentine-10-12-2024-YLYIRGBM2BGMLNSJLADG3DIOAU.php\" target=\"_blank\" rel=\"noreferrer nofollow noopener\">avaient finalement b\u00e9n\u00e9fici\u00e9 d\u2019un non-lieu le 10 d\u00e9cembre<\/a>. Cet abandon des charges avait \u00e9t\u00e9 confirm\u00e9 en appel le 18 f\u00e9vrier, la justice argentine soulignant dans son argumentaire \u00ab le manque d\u2019\u00e9l\u00e9ments permettant de soutenir une accusation s\u00e9rieuse \u00bb et qualifiant la d\u00e9cision de \u00ab seule solution possible au regard des preuves r\u00e9unies \u00bb au cours de l\u2019instruction.<\/p>\n","protected":false},"excerpt":{"rendered":"C\u2019\u00e9tait il y a un an : une tourn\u00e9e d\u2019\u00e9t\u00e9 du XV de France en Am\u00e9rique du Sud,&hellip;\n","protected":false},"author":2,"featured_media":232621,"comment_status":"","ping_status":"","sticky":false,"template":"","format":"standard","meta":{"footnotes":""},"categories":[1888],"tags":[1111,1928,11,1927,1777,674,118,1011,27,12,1926,626,1925,25,479,60,30845],"class_list":{"0":"post-232620","1":"post","2":"type-post","3":"status-publish","4":"format-standard","5":"has-post-thumbnail","7":"category-paris","8":"tag-actu","9":"tag-actu-paris","10":"tag-actualites","11":"tag-actualites-paris","12":"tag-eu","13":"tag-europe","14":"tag-faits-divers","15":"tag-fr","16":"tag-france","17":"tag-news","18":"tag-news-paris","19":"tag-paris","20":"tag-paris-news","21":"tag-republique-francaise","22":"tag-rugby","23":"tag-sports","24":"tag-xv-france"},"share_on_mastodon":{"url":"https:\/\/pubeurope.com\/@fr\/114811974659737134","error":""},"_links":{"self":[{"href":"https:\/\/www.europesays.com\/fr\/wp-json\/wp\/v2\/posts\/232620","targetHints":{"allow":["GET"]}}],"collection":[{"href":"https:\/\/www.europesays.com\/fr\/wp-json\/wp\/v2\/posts"}],"about":[{"href":"https:\/\/www.europesays.com\/fr\/wp-json\/wp\/v2\/types\/post"}],"author":[{"embeddable":true,"href":"https:\/\/www.europesays.com\/fr\/wp-json\/wp\/v2\/users\/2"}],"replies":[{"embeddable":true,"href":"https:\/\/www.europesays.com\/fr\/wp-json\/wp\/v2\/comments?post=232620"}],"version-history":[{"count":0,"href":"https:\/\/www.europesays.com\/fr\/wp-json\/wp\/v2\/posts\/232620\/revisions"}],"wp:featuredmedia":[{"embeddable":true,"href":"https:\/\/www.europesays.com\/fr\/wp-json\/wp\/v2\/media\/232621"}],"wp:attachment":[{"href":"https:\/\/www.europesays.com\/fr\/wp-json\/wp\/v2\/media?parent=232620"}],"wp:term":[{"taxonomy":"category","embeddable":true,"href":"https:\/\/www.europesays.com\/fr\/wp-json\/wp\/v2\/categories?post=232620"},{"taxonomy":"post_tag","embeddable":true,"href":"https:\/\/www.europesays.com\/fr\/wp-json\/wp\/v2\/tags?post=232620"}],"curies":[{"name":"wp","href":"https:\/\/api.w.org\/{rel}","templated":true}]}}