{"id":232628,"date":"2025-07-07T12:37:13","date_gmt":"2025-07-07T12:37:13","guid":{"rendered":"https:\/\/www.europesays.com\/fr\/232628\/"},"modified":"2025-07-07T12:37:13","modified_gmt":"2025-07-07T12:37:13","slug":"guerre-en-ukraine-la-russie-pretend-avoir-pris-une-localite-dans-la-region-de-dnipropetrovsk-une-premiere","status":"publish","type":"post","link":"https:\/\/www.europesays.com\/fr\/232628\/","title":{"rendered":"Guerre en Ukraine\u00a0: la Russie pr\u00e9tend avoir pris une localit\u00e9 dans la r\u00e9gion de Dnipropetrovsk, une premi\u00e8re"},"content":{"rendered":"<p>Cette conqu\u00eate russe d\u2019une localit\u00e9 dans la r\u00e9gion de Dnipropetrovsk, si elle \u00e9tait confirm\u00e9e par Kiev, constituerait un nouveau revers symbolique pour <a href=\"https:\/\/www.letelegramme.fr\/monde\/guerre-ukraine-russie\/\" target=\"_blank\" rel=\"nofollow noopener\">les forces ukrainiennes<\/a>.<\/p>\n<p>\u00ab La localit\u00e9 de Datchno\u00efe, dans la r\u00e9gion de Dnipropetrovsk, a \u00e9t\u00e9 lib\u00e9r\u00e9e \u00bb, s\u2019est f\u00e9licit\u00e9e dans un communiqu\u00e9 l\u2019arm\u00e9e russe, qui avait annonc\u00e9 d\u00e9but juin mener une \u00ab offensive \u00bb in\u00e9dite dans cette partie de l\u2019Ukraine.<\/p>\n<p>De \u00ab fausses informations \u00bb en provenance de Moscou<\/p>\n<p>Elle a en outre diffus\u00e9 une vid\u00e9o cens\u00e9e montrer ses soldats dans ce village \u00e0 environ 70 kilom\u00e8tres \u00e0 l\u2019ouest de la grande ville de Donetsk, sous contr\u00f4le russe.<\/p>\n<p>L\u2019Ukraine n\u2019a pas r\u00e9agi dans l\u2019imm\u00e9diat \u00e0 cette annonce russe mais, plus t\u00f4t lundi, l\u2019\u00e9tat-major de ses forces arm\u00e9es avait assur\u00e9 que des assauts russes avaient \u00e9t\u00e9 \u00ab repouss\u00e9s \u00bb la veille \u00ab dans les environs \u00bb de Datchno\u00efe.<\/p>\n<p>Dimanche, une unit\u00e9 ukrainienne combattant dans le secteur avait quant \u00e0 elle affirm\u00e9 toujours \u00ab contr\u00f4ler \u00bb Datchno\u00efe.<\/p>\n<p>Elle avait \u00e9galement d\u00e9nonc\u00e9 les \u00ab fausses informations \u00bb en provenance de Moscou concernant une avanc\u00e9e dans cette zone et publi\u00e9 une vid\u00e9o montrant, d\u2019apr\u00e8s elle, le drapeau ukrainien au-dessus d\u2019un b\u00e2timent \u00e0 Datchno\u00efe.<\/p>\n<p>\u00ab Nous sommes l\u00e0 et nous sommes pr\u00eats \u00e0 nous battre jusqu\u2019au bout ! Nous ne c\u00e9derons pas un seul m\u00e8tre de notre territoire sans nous battre \u00bb, avait \u00e9galement assur\u00e9 cette unit\u00e9.<\/p>\n<p>En pleines discussions diplomatiques<\/p>\n<p>Une r\u00e9elle progression russe dans la r\u00e9gion de Dnipropetrovsk aurait une valeur strat\u00e9gique sur le terrain, en pleines discussions diplomatiques poussives en vue d\u2019un r\u00e8glement du conflit.<\/p>\n<p>Le pr\u00e9sident russe Vladimir Poutine maintient toujours ses demandes maximalistes, en premier lieu que Kiev c\u00e8de \u00e0 la Russie les r\u00e9gions ukrainiennes annex\u00e9es et que l\u2019Ukraine renonce \u00e0 rejoindre l\u2019Otan. Des conditions inacceptables pour les dirigeants ukrainiens et leurs alli\u00e9s occidentaux.<\/p>\n<p>L\u2019Ukraine, pour sa part, exige que l\u2019arm\u00e9e russe se retire enti\u00e8rement de son territoire, occup\u00e9 \u00e0 hauteur d\u2019environ 20 %.<\/p>\n<p>Avant l\u2019assaut russe \u00e0 grande \u00e9chelle de f\u00e9vrier 2022, quelque trois millions de personnes vivaient dans la r\u00e9gion ukrainienne de Dnipropetrovsk, dont environ un million dans la capitale r\u00e9gionale, Dnipro, qui est r\u00e9guli\u00e8rement la cible de frappes meurtri\u00e8res russes.<\/p>\n<p>De nombreux Ukrainiens, fuyant les combats dans les r\u00e9gions orientales de Donetsk et de Lougansk, y ont trouv\u00e9 refuge apr\u00e8s l\u2019offensive initiale des troupes russes il y a pr\u00e8s de trois ans et demi.<\/p>\n","protected":false},"excerpt":{"rendered":"Cette conqu\u00eate russe d\u2019une localit\u00e9 dans la r\u00e9gion de Dnipropetrovsk, si elle \u00e9tait confirm\u00e9e par Kiev, constituerait un&hellip;\n","protected":false},"author":2,"featured_media":232629,"comment_status":"","ping_status":"","sticky":false,"template":"","format":"standard","meta":{"footnotes":""},"categories":[1591],"tags":[11,1887,2069,74,12,1885,1886,132],"class_list":{"0":"post-232628","1":"post","2":"type-post","3":"status-publish","4":"format-standard","5":"has-post-thumbnail","7":"category-russie","8":"tag-actualites","9":"tag-federation-de-russie","10":"tag-guerre-ukraine-russie","11":"tag-monde","12":"tag-news","13":"tag-russia","14":"tag-russian-federation","15":"tag-russie"},"share_on_mastodon":{"url":"https:\/\/pubeurope.com\/@fr\/114811990477620551","error":""},"_links":{"self":[{"href":"https:\/\/www.europesays.com\/fr\/wp-json\/wp\/v2\/posts\/232628","targetHints":{"allow":["GET"]}}],"collection":[{"href":"https:\/\/www.europesays.com\/fr\/wp-json\/wp\/v2\/posts"}],"about":[{"href":"https:\/\/www.europesays.com\/fr\/wp-json\/wp\/v2\/types\/post"}],"author":[{"embeddable":true,"href":"https:\/\/www.europesays.com\/fr\/wp-json\/wp\/v2\/users\/2"}],"replies":[{"embeddable":true,"href":"https:\/\/www.europesays.com\/fr\/wp-json\/wp\/v2\/comments?post=232628"}],"version-history":[{"count":0,"href":"https:\/\/www.europesays.com\/fr\/wp-json\/wp\/v2\/posts\/232628\/revisions"}],"wp:featuredmedia":[{"embeddable":true,"href":"https:\/\/www.europesays.com\/fr\/wp-json\/wp\/v2\/media\/232629"}],"wp:attachment":[{"href":"https:\/\/www.europesays.com\/fr\/wp-json\/wp\/v2\/media?parent=232628"}],"wp:term":[{"taxonomy":"category","embeddable":true,"href":"https:\/\/www.europesays.com\/fr\/wp-json\/wp\/v2\/categories?post=232628"},{"taxonomy":"post_tag","embeddable":true,"href":"https:\/\/www.europesays.com\/fr\/wp-json\/wp\/v2\/tags?post=232628"}],"curies":[{"name":"wp","href":"https:\/\/api.w.org\/{rel}","templated":true}]}}