{"id":232636,"date":"2025-07-07T12:41:24","date_gmt":"2025-07-07T12:41:24","guid":{"rendered":"https:\/\/www.europesays.com\/fr\/232636\/"},"modified":"2025-07-07T12:41:24","modified_gmt":"2025-07-07T12:41:24","slug":"swiss-atterrissage-durgence-en-allemagne-pour-cause-de-fumee","status":"publish","type":"post","link":"https:\/\/www.europesays.com\/fr\/232636\/","title":{"rendered":"Swiss: atterrissage d&rsquo;urgence en Allemagne pour cause de fum\u00e9e"},"content":{"rendered":"<p>Publi\u00e97. juillet 2025, 14:14<\/p>\n<p>Fum\u00e9e dans l&rsquo;appareil: Un avion de Swiss doit atterrir d&rsquo;urgence en Allemagne<\/p>\n<p>Le vol LX1413, en provenance de Belgrade et \u00e0 destination de Zurich, a d\u00fb atterrir \u00e0 Friedrichshafen (D). En cause: de la fum\u00e9e \u00e0 l&rsquo;arri\u00e8re de la cabine.<\/p>\n<p><a href=\"https:\/\/www.20min.ch\/fr\/auteurs\/75770120\/christine-talos\" class=\"sc-b1f21c84-2 egfiIF\" rel=\"nofollow noopener\" target=\"_blank\"><img decoding=\"async\" alt=\"Christine Talos\" src=\"https:\/\/www.europesays.com\/fr\/wp-content\/uploads\/2025\/07\/495ebb6a-6411-4d7d-9ece-adc1e578c670.jpeg\" class=\"sc-b1f21c84-1 iTOvpR\"\/><\/a><img loading=\"lazy\" decoding=\"async\" src=\"https:\/\/www.europesays.com\/fr\/wp-content\/uploads\/2025\/07\/a5668f46-138b-4987-8a54-e34aa4006bb6.jpg\" alt=\"Un avion Swiss a d\u00fb \u00eatre d\u00e9rout\u00e9 en Allemagne voisine, apr\u00e8s l'apparition de fum\u00e9e dans la cabine (image d'illustration).\" title=\"Un avion Swiss a d\u00fb \u00eatre d\u00e9rout\u00e9 en Allemagne voisine, apr\u00e8s l'apparition de fum\u00e9e dans la cabine (image d'illustration).\"  width=\"1200\" height=\"800\"\/><\/p>\n<p>Un avion Swiss a d\u00fb \u00eatre d\u00e9rout\u00e9 en Allemagne voisine, apr\u00e8s l&rsquo;apparition de fum\u00e9e dans la cabine (image d&rsquo;illustration).<\/p>\n<p>20min\/Matthias Spicher<\/p>\n<p>Frayeur ce lundi matin, pour les passagers du vol LX1413 de la compagnie a\u00e9rienne Swiss. Un avion qui devait relier Belgrade, en Serbie, \u00e0 Zurich, a d\u00fb se poser en urgence \u00e0 Friedrichshafen, au bord du lac de Constance, en Allemagne.<\/p>\n<p>\u00abLa raison en \u00e9tait des messages d\u2019alerte dans le cockpit de l\u2019Airbus A220-300 ainsi qu\u2019un l\u00e9ger d\u00e9gagement de fum\u00e9e visible dans la partie arri\u00e8re de la cabine\u00bb, a expliqu\u00e9 en d\u00e9but d&rsquo;apr\u00e8s-midi la compagnie, dans un communiqu\u00e9. \u00abConform\u00e9ment aux proc\u00e9dures pr\u00e9vues dans ce type de situation, l\u2019\u00e9quipage a d\u00e9cid\u00e9 de se d\u00e9router vers l\u2019a\u00e9roport appropri\u00e9 le plus proche.\u00bb<\/p>\n<p>Atterrissage sans encombre<\/p>\n<p>L\u2019atterrissage s\u2019est d\u00e9roul\u00e9 sans incident, selon Swiss. Les passagers ont pu quitter l\u2019appareil par les escaliers habituels. Du personnel m\u00e9dical \u00e9tait pr\u00e9sent sur place, et des bus ont \u00e9t\u00e9 organis\u00e9s pour assurer le transport des passagers jusqu\u2019\u00e0 Zurich, pr\u00e9cise la compagnie qui s&rsquo;est excus\u00e9e aupr\u00e8s des voyageurs pour les d\u00e9sagr\u00e9ments occasionn\u00e9s. Elle ajoute que \u00abla cause exacte de l\u2019incident fait actuellement l\u2019objet d\u2019une enqu\u00eate\u00bb.<\/p>\n<p>Selon les donn\u00e9es du site sp\u00e9cialis\u00e9 Flightradar24, l&rsquo;Airbus avait d\u00e9coll\u00e9 de Belgrade \u00e0 9h50 et devait initialement atterrir \u00e0 Zurich vers 11h15. Peu avant d\u2019entrer dans l\u2019espace a\u00e9rien suisse, l\u2019appareil a \u00e9mis un signal de d\u00e9tresse. La trajectoire du vol a alors \u00e9t\u00e9 d\u00e9vi\u00e9e vers Friedrichshafen. \u00c0 bord de l\u2019appareil se trouvaient 155 passagers et cinq membres d\u2019\u00e9quipage.<\/p>\n","protected":false},"excerpt":{"rendered":"Publi\u00e97. juillet 2025, 14:14 Fum\u00e9e dans l&rsquo;appareil: Un avion de Swiss doit atterrir d&rsquo;urgence en Allemagne Le vol&hellip;\n","protected":false},"author":2,"featured_media":232637,"comment_status":"","ping_status":"","sticky":false,"template":"","format":"standard","meta":{"footnotes":""},"categories":[1587],"tags":[11,672,1804,1805,1803,1777,674,1801,12,1802],"class_list":{"0":"post-232636","1":"post","2":"type-post","3":"status-publish","4":"format-standard","5":"has-post-thumbnail","7":"category-allemagne","8":"tag-actualites","9":"tag-allemagne","10":"tag-bundesrepublik-deutschland","11":"tag-de","12":"tag-deutschland","13":"tag-eu","14":"tag-europe","15":"tag-germany","16":"tag-news","17":"tag-republique-federale-dallemagne"},"share_on_mastodon":{"url":"https:\/\/pubeurope.com\/@fr\/114812006334573621","error":""},"_links":{"self":[{"href":"https:\/\/www.europesays.com\/fr\/wp-json\/wp\/v2\/posts\/232636","targetHints":{"allow":["GET"]}}],"collection":[{"href":"https:\/\/www.europesays.com\/fr\/wp-json\/wp\/v2\/posts"}],"about":[{"href":"https:\/\/www.europesays.com\/fr\/wp-json\/wp\/v2\/types\/post"}],"author":[{"embeddable":true,"href":"https:\/\/www.europesays.com\/fr\/wp-json\/wp\/v2\/users\/2"}],"replies":[{"embeddable":true,"href":"https:\/\/www.europesays.com\/fr\/wp-json\/wp\/v2\/comments?post=232636"}],"version-history":[{"count":0,"href":"https:\/\/www.europesays.com\/fr\/wp-json\/wp\/v2\/posts\/232636\/revisions"}],"wp:featuredmedia":[{"embeddable":true,"href":"https:\/\/www.europesays.com\/fr\/wp-json\/wp\/v2\/media\/232637"}],"wp:attachment":[{"href":"https:\/\/www.europesays.com\/fr\/wp-json\/wp\/v2\/media?parent=232636"}],"wp:term":[{"taxonomy":"category","embeddable":true,"href":"https:\/\/www.europesays.com\/fr\/wp-json\/wp\/v2\/categories?post=232636"},{"taxonomy":"post_tag","embeddable":true,"href":"https:\/\/www.europesays.com\/fr\/wp-json\/wp\/v2\/tags?post=232636"}],"curies":[{"name":"wp","href":"https:\/\/api.w.org\/{rel}","templated":true}]}}