{"id":232642,"date":"2025-07-07T12:44:10","date_gmt":"2025-07-07T12:44:10","guid":{"rendered":"https:\/\/www.europesays.com\/fr\/232642\/"},"modified":"2025-07-07T12:44:10","modified_gmt":"2025-07-07T12:44:10","slug":"les-russes-revendiquent-pour-la-premiere-fois-la-prise-dune-localite-dans-la-region-de-dnipro","status":"publish","type":"post","link":"https:\/\/www.europesays.com\/fr\/232642\/","title":{"rendered":"les Russes revendiquent pour la premi\u00e8re fois la prise d\u2019une localit\u00e9 dans la r\u00e9gion de Dnipro"},"content":{"rendered":"<p><strong>CARTES<\/strong> &#8211; La 114\u00e8me brigade russe de fusiliers motoris\u00e9s est entr\u00e9e dans cet oblast non annex\u00e9 par Moscou. Mais des images de la 37e brigade d\u2019infanterie navale ukrainienne font douter de la conqu\u00eate du village de Dachne revendiqu\u00e9e par les Russes et r\u00e9fut\u00e9e par l\u2019\u00e9tat-major \u00e0 Kiev.<\/p>\n<p class=\"fig-paragraph\">La petite rivi\u00e8re Vovtcha, qui sillonne le long de la fronti\u00e8re administrative entre les deux oblasts, n\u2019aura pas suffi \u00e0 arr\u00eater les forces russes. \u00c0 la pointe de l\u2019offensive lanc\u00e9e depuis la\u00a0<a href=\"http:\/\/www.lefigaro.fr\/international\/guerre-en-ukraine-les-russes-s-emparent-de-l-important-gisement-de-lithium-de-shevchenko-20250626\" target=\"_blank\" data-fig-type=\"NewsFlash\" rel=\"noopener nofollow\" data-gtm-custom-categorie=\"navigation\" data-gtm-custom-action=\"crossclick\" data-gtm-custom-label=\"Contextuel\" data-gtm-event=\"customEventSPE\" data-fig-domain=\"LEFIGARO\">r\u00e9gion de Donetsk<\/a>, la 114\u00e8me brigade de fusiliers motoris\u00e9s de la Garde, appartenant \u00e0 la 51\u00e8me Arm\u00e9e, a franchi le cours d\u2019eau et des combats sont en cours pour le village de Dachne, dont le minist\u00e8re russe de la D\u00e9fense a annonc\u00e9 ce lundi 7 juillet la \u00ablib\u00e9ration\u00bb. Ce serait la premi\u00e8re localit\u00e9 de la r\u00e9gion de Dnipro \u00e0 tomber aux mains des Russes depuis le d\u00e9but de la guerre.<\/p>\n<p class=\"fig-paragraph\">Mais cette prise, annonc\u00e9e d\u00e8s le 30 juin par le compte Telegram de la brigade russe engag\u00e9e, est n\u00e9anmoins remise en cause par la publication de nouvelles images de drones qui montrent des \u00e9l\u00e9ments de la 37\u00e8me brigade d\u2019infanterie navale ukrainienne planter un drapeau dans l\u2019ouest du village. Ce lundi matin, l\u2019\u00e9tat-major de l\u2019arm\u00e9e ukrainienne a d\u2019ailleurs assur\u00e9 que ses hommes avaient \u00abrepouss\u00e9\u00bb la veille des assauts russes<\/p>\n<p class=\"fig-premium-paywall__infos\">\n        Cet article est r\u00e9serv\u00e9 aux abonn\u00e9s.        Il vous reste 89% \u00e0 d\u00e9couvrir.\n    <\/p>\n<p>                <img  data- alt=\"Le Figaro\" class=\"fig-img--complete fig-img\"\/><\/p>\n<p class=\"fig-premium-paywall__title\">Vous avez envie de lire la suite ?<\/p>\n<p class=\"fig-premium-paywall__subtitle\">D\u00e9bloquez tous les articles imm\u00e9diatement.<\/p>\n<p class=\"fig-premium-paywall__connect\">\n                D\u00e9j\u00e0 abonn\u00e9\u00a0?                <a class=\"fig-premium-paywall__connect-link\" href=\"https:\/\/connect.lefigaro.fr\/login?client=horizon_web&amp;type=main&amp;redirect_uri=https%3A%2F%2Fwww.lefigaro.fr%2Finternational%2Fguerre-en-ukraine-les-russes-revendiquent-pour-la-premiere-fois-la-prise-d-une-localite-dans-la-region-de-dnipro-20250707\" data-js-gtm=\"{&quot;customCategorie&quot;: &quot;conversion&quot;, &quot;customAction&quot;: &quot;before_Landing_Connexion_paywall_auto&quot;, &quot;customLabel&quot;: &quot;bGVmaWdhcm8uZnJfXzFmMDU4ZjcyLWZkZGItNjY4Ni1iMDFmLWJmOTczNTBhZDFlNF9fTmV3c0ZsYXNo_Guerre en Ukraine\u00a0: les Russes revendiquent pour la premi\u00e8re fois la prise d\u2019une localit\u00e9 dans la r\u00e9gion de Dnipro_426&quot;, &quot;customIDSPE&quot;: &quot;bGVmaWdhcm8uZnJfXzFmMDU4ZjcyLWZkZGItNjY4Ni1iMDFmLWJmOTczNTBhZDFlNF9fTmV3c0ZsYXNo&quot;, &quot;event&quot;: &quot;customEventSPE&quot;}\" rel=\"nofollow noopener\" target=\"_blank\"><br \/>\n                    Connectez-vous<br \/>\n                <\/a>\n            <\/p>\n","protected":false},"excerpt":{"rendered":"CARTES &#8211; La 114\u00e8me brigade russe de fusiliers motoris\u00e9s est entr\u00e9e dans cet oblast non annex\u00e9 par Moscou.&hellip;\n","protected":false},"author":2,"featured_media":232643,"comment_status":"","ping_status":"","sticky":false,"template":"","format":"standard","meta":{"footnotes":""},"categories":[2],"tags":[11,1011,27,131,12,25],"class_list":{"0":"post-232642","1":"post","2":"type-post","3":"status-publish","4":"format-standard","5":"has-post-thumbnail","7":"category-actualites","8":"tag-actualites","9":"tag-fr","10":"tag-france","11":"tag-guerre-en-ukraine","12":"tag-news","13":"tag-republique-francaise"},"share_on_mastodon":{"url":"https:\/\/pubeurope.com\/@fr\/114812018057163870","error":""},"_links":{"self":[{"href":"https:\/\/www.europesays.com\/fr\/wp-json\/wp\/v2\/posts\/232642","targetHints":{"allow":["GET"]}}],"collection":[{"href":"https:\/\/www.europesays.com\/fr\/wp-json\/wp\/v2\/posts"}],"about":[{"href":"https:\/\/www.europesays.com\/fr\/wp-json\/wp\/v2\/types\/post"}],"author":[{"embeddable":true,"href":"https:\/\/www.europesays.com\/fr\/wp-json\/wp\/v2\/users\/2"}],"replies":[{"embeddable":true,"href":"https:\/\/www.europesays.com\/fr\/wp-json\/wp\/v2\/comments?post=232642"}],"version-history":[{"count":0,"href":"https:\/\/www.europesays.com\/fr\/wp-json\/wp\/v2\/posts\/232642\/revisions"}],"wp:featuredmedia":[{"embeddable":true,"href":"https:\/\/www.europesays.com\/fr\/wp-json\/wp\/v2\/media\/232643"}],"wp:attachment":[{"href":"https:\/\/www.europesays.com\/fr\/wp-json\/wp\/v2\/media?parent=232642"}],"wp:term":[{"taxonomy":"category","embeddable":true,"href":"https:\/\/www.europesays.com\/fr\/wp-json\/wp\/v2\/categories?post=232642"},{"taxonomy":"post_tag","embeddable":true,"href":"https:\/\/www.europesays.com\/fr\/wp-json\/wp\/v2\/tags?post=232642"}],"curies":[{"name":"wp","href":"https:\/\/api.w.org\/{rel}","templated":true}]}}