{"id":232644,"date":"2025-07-07T12:45:10","date_gmt":"2025-07-07T12:45:10","guid":{"rendered":"https:\/\/www.europesays.com\/fr\/232644\/"},"modified":"2025-07-07T12:45:10","modified_gmt":"2025-07-07T12:45:10","slug":"je-ne-vais-pas-men-sortir-les-adieux-bouleversants-de-ce-pere-qui-a-sauve-sa-famille","status":"publish","type":"post","link":"https:\/\/www.europesays.com\/fr\/232644\/","title":{"rendered":"\u00ab\u00a0Je ne vais pas m\u2019en sortir\u00a0\u00bb\u2026 Les adieux bouleversants de ce p\u00e8re qui a sauv\u00e9 sa famille"},"content":{"rendered":"<p> \u00abJe suis d\u00e9sol\u00e9, je ne vais pas m\u2019en sortir. Je vous aime tous\u00a0\u00bb. Ce sont les derni\u00e8res paroles que Julian Ryan, 27 ans, a prononc\u00e9es vendredi avant de mourir, a indiqu\u00e9 sa compagne Christinia Wilson \u00e0 la presse, relate <a href=\"https:\/\/www.huffingtonpost.fr\/international\/article\/inondations-au-texas-les-adieux-dechirants-de-ce-pere-apres-avoir-sauve-sa-famille_252292.html\" rel=\"nofollow noopener\" target=\"_blank\" class=\"color-ultramarine c-link\">le HuffPost<\/a>. Ce p\u00e8re est d\u00e9c\u00e9d\u00e9 apr\u00e8s avoir sauv\u00e9 sa famille des <a href=\"https:\/\/www.20minutes.fr\/monde\/etats-unis\/4162291-20250707-inondations-crue-soudaine-manque-alerte-familles-brisees-moins-80-morts-crues-eclair-texas\" class=\"color-ultramarine c-link\" target=\"_blank\" rel=\"noopener\">inondations<\/a> \u00e0 Ingram, ville situ\u00e9e dans le comt\u00e9 de Kerr, au <a href=\"https:\/\/www.20minutes.fr\/monde\/texas\/\" class=\"color-ultramarine c-link\" target=\"_blank\" rel=\"noopener\">Texas<\/a>.<\/p>\n<\/p>\n<p>\u00ab\u00a0Il est mort en h\u00e9ros, et cela ne sera jamais oubli\u00e9\u00a0\u00bb, a d\u00e9clar\u00e9 Connie Salas, la s\u0153ur de Julian Ryan. Ce dernier a bris\u00e9 une fen\u00eatre \u00e0 coups de poing pour que sa fianc\u00e9e, ses deux enfants et sa m\u00e8re puissent s\u2019\u00e9chapper de leur maison, situ\u00e9e \u00e0 200\u00a0m de la rivi\u00e8re Guadalupe en crue, et se mettre en s\u00e9curit\u00e9. En vingt minutes, l\u2019eau \u00e9tait arriv\u00e9e au niveau des genoux. \u00ab\u00a0Nous avons appel\u00e9 le 911 mais l\u2019eau continuait de monter. Nous n\u2019avions pas d\u2019autre choix que de sortir\u00a0\u00bb, a t\u00e9moign\u00e9 Christinia Wilson aupr\u00e8s de <a href=\"https:\/\/www.youtube.com\/@KHOU\" rel=\"nofollow noopener\" target=\"_blank\" class=\"color-ultramarine c-link\">Khou-TV<\/a>.<\/p>\n<p>\u00ab\u00a0Si on avait entendu une sir\u00e8ne, on serait partis\u00a0\u00bb<\/p>\n<p>En brisant la fen\u00eatre, le verre a d\u00e9chir\u00e9 le bras de Julian Ryan, sectionnant une art\u00e8re et lui arrachant presque le membre, relate le <a href=\"https:\/\/www.dailymail.co.uk\/news\/article-14879145\/Julian-Ryan-Texas-floods-Guadalupe-River.html\" rel=\"nofollow noopener\" target=\"_blank\" class=\"color-ultramarine c-link\">Daily Mail.<\/a> Malgr\u00e9 sa blessure, l\u2019homme de 27 ans est rest\u00e9 concentr\u00e9 sur l\u2019\u00e9vacuation de sa famille. Il a succomb\u00e9 \u00e0 ses blessures quelques heures plus tard, les secours n\u2019ayant pas pu les atteindre \u00e0 temps. Retenant ses larmes, Christinia Wilson se souvient des derniers mots de son fianc\u00e9\u00a0: \u00ab\u00a0Il m\u2019a regard\u00e9, les enfants et sa m\u00e8re, et a dit\u00a0: \u00a0\u00bbJe suis d\u00e9sol\u00e9, je ne vais pas m\u2019en sortir. Je vous aime tous\u00a0\u00bb.\u00a0\u00bb<\/p>\n<p>La femme de Julian Ryan fait partie des habitants qui se sont plaints au cours du week-end de ne pas avoir \u00e9t\u00e9 avertis suffisamment t\u00f4t des risques d\u2019inondations, qui ont fait pour l\u2019heure plus de 80 morts. \u00ab\u00a0Si on avait entendu une sir\u00e8ne, on serait partis, a-t-elle dit. On avait tellement d\u2019endroits s\u00fbrs o\u00f9 aller.\u00a0\u00bb<\/p>\n<p><a href=\"https:\/\/www.20minutes.fr\/monde\/texas\/\" class=\"c-link c-btn c-btn--primary\" target=\"_blank\" rel=\"noopener\">Notre dossier sur le Texas<\/a><\/p>\n<p>Le seul comt\u00e9 de Kerr, le plus touch\u00e9, d\u00e9plore d\u00e9sormais 68 morts, \u00ab\u00a040 adultes et 28 enfants\u00a0\u00bb, a d\u00e9clar\u00e9 son sh\u00e9rif, Larry Lethia, lors d\u2019une conf\u00e9rence de presse. Le bilan des inondations au Texas devrait encore s\u2019alourdir, ont annonc\u00e9 lundi les autorit\u00e9s locales.<\/p>\n","protected":false},"excerpt":{"rendered":"\u00abJe suis d\u00e9sol\u00e9, je ne vais pas m\u2019en sortir. Je vous aime tous\u00a0\u00bb. Ce sont les derni\u00e8res paroles&hellip;\n","protected":false},"author":2,"featured_media":232645,"comment_status":"","ping_status":"","sticky":false,"template":"","format":"standard","meta":{"footnotes":""},"categories":[2],"tags":[47,11,11295,73,1011,27,4458,2487,74,12,52,4459,5140,25,3926],"class_list":{"0":"post-232644","1":"post","2":"type-post","3":"status-publish","4":"format-standard","5":"has-post-thumbnail","7":"category-actualites","8":"tag-actualite","9":"tag-actualites","10":"tag-crue","11":"tag-etats-unis","12":"tag-fr","13":"tag-france","14":"tag-inondation","15":"tag-meteo","16":"tag-monde","17":"tag-news","18":"tag-planete","19":"tag-pluie","20":"tag-rechauffement-climatique","21":"tag-republique-francaise","22":"tag-texas"},"share_on_mastodon":{"url":"https:\/\/pubeurope.com\/@fr\/114812021907740858","error":""},"_links":{"self":[{"href":"https:\/\/www.europesays.com\/fr\/wp-json\/wp\/v2\/posts\/232644","targetHints":{"allow":["GET"]}}],"collection":[{"href":"https:\/\/www.europesays.com\/fr\/wp-json\/wp\/v2\/posts"}],"about":[{"href":"https:\/\/www.europesays.com\/fr\/wp-json\/wp\/v2\/types\/post"}],"author":[{"embeddable":true,"href":"https:\/\/www.europesays.com\/fr\/wp-json\/wp\/v2\/users\/2"}],"replies":[{"embeddable":true,"href":"https:\/\/www.europesays.com\/fr\/wp-json\/wp\/v2\/comments?post=232644"}],"version-history":[{"count":0,"href":"https:\/\/www.europesays.com\/fr\/wp-json\/wp\/v2\/posts\/232644\/revisions"}],"wp:featuredmedia":[{"embeddable":true,"href":"https:\/\/www.europesays.com\/fr\/wp-json\/wp\/v2\/media\/232645"}],"wp:attachment":[{"href":"https:\/\/www.europesays.com\/fr\/wp-json\/wp\/v2\/media?parent=232644"}],"wp:term":[{"taxonomy":"category","embeddable":true,"href":"https:\/\/www.europesays.com\/fr\/wp-json\/wp\/v2\/categories?post=232644"},{"taxonomy":"post_tag","embeddable":true,"href":"https:\/\/www.europesays.com\/fr\/wp-json\/wp\/v2\/tags?post=232644"}],"curies":[{"name":"wp","href":"https:\/\/api.w.org\/{rel}","templated":true}]}}