{"id":232650,"date":"2025-07-07T12:49:09","date_gmt":"2025-07-07T12:49:09","guid":{"rendered":"https:\/\/www.europesays.com\/fr\/232650\/"},"modified":"2025-07-07T12:49:09","modified_gmt":"2025-07-07T12:49:09","slug":"leo-coly-pourrait-quitter-montpellier-avec-effet-immediat","status":"publish","type":"post","link":"https:\/\/www.europesays.com\/fr\/232650\/","title":{"rendered":"L\u00e9o Coly pourrait quitter Montpellier avec effet imm\u00e9diat !"},"content":{"rendered":"<p>L\u2019information est sign\u00e9e <a href=\"https:\/\/www.rugbyrama.fr\/2025\/07\/05\/transferts-top-14-pro-d2-joueurs-supplementaires-chomeurs-comment-les-clubs-se-renforcent-ils-apres-la-fermeture-du-marche-12808551.php\" rel=\"nofollow noopener\" target=\"_blank\">Midi Olympique<\/a> \u2013<\/p>\n<p>Et si le demi-de-m\u00eal\u00e9e L\u00e9o Coly venait \u00e0 quitter Montpellier avec effet imm\u00e9diat, avant le terme de son bail ?<\/p>\n<p>Le bi-hebdomadaire nous informe que le joueur Montpelli\u00e9rain a r\u00e9cemment \u00e9t\u00e9 approch\u00e9 par Perpignan.<\/p>\n<p>En effet, l\u2019USAP est \u00e0 la recherche d\u2019un demi-de-m\u00eal\u00e9e pour les saisons \u00e0 venir.<\/p>\n<p>Selon Midi Olympique, le club Catalan aurait deux joueurs dans son viseur, \u00e0 savoir le demi-de-m\u00eal\u00e9e de Vannes Michael Ruru et celui de Montpellier : L\u00e9o Coly.<\/p>\n<p>Ce n\u2019est pas tout : l\u2019USAP souhaiterait \u00e9galement recruter un trois-quarts centre suppl\u00e9mentaire.<\/p>\n<p>Pour rappel, si la p\u00e9riode de mutation est termin\u00e9e dans le rugby, les clubs peuvent encore recruter deux joueurs suppl\u00e9mentaires, des joueurs sans club ou encore des jokers m\u00e9dicaux.<\/p>\n<p><strong>Affaire \u00e0 suivre\u2026<\/strong><\/p>\n","protected":false},"excerpt":{"rendered":"L\u2019information est sign\u00e9e Midi Olympique \u2013 Et si le demi-de-m\u00eal\u00e9e L\u00e9o Coly venait \u00e0 quitter Montpellier avec effet&hellip;\n","protected":false},"author":2,"featured_media":232651,"comment_status":"","ping_status":"","sticky":false,"template":"","format":"standard","meta":{"footnotes":""},"categories":[1416],"tags":[1011,27,479,1468,60],"class_list":{"0":"post-232650","1":"post","2":"type-post","3":"status-publish","4":"format-standard","5":"has-post-thumbnail","7":"category-rugby","8":"tag-fr","9":"tag-france","10":"tag-rugby","11":"tag-rugby-football","12":"tag-sports"},"share_on_mastodon":{"url":"https:\/\/pubeurope.com\/@fr\/114812037581052545","error":""},"_links":{"self":[{"href":"https:\/\/www.europesays.com\/fr\/wp-json\/wp\/v2\/posts\/232650","targetHints":{"allow":["GET"]}}],"collection":[{"href":"https:\/\/www.europesays.com\/fr\/wp-json\/wp\/v2\/posts"}],"about":[{"href":"https:\/\/www.europesays.com\/fr\/wp-json\/wp\/v2\/types\/post"}],"author":[{"embeddable":true,"href":"https:\/\/www.europesays.com\/fr\/wp-json\/wp\/v2\/users\/2"}],"replies":[{"embeddable":true,"href":"https:\/\/www.europesays.com\/fr\/wp-json\/wp\/v2\/comments?post=232650"}],"version-history":[{"count":0,"href":"https:\/\/www.europesays.com\/fr\/wp-json\/wp\/v2\/posts\/232650\/revisions"}],"wp:featuredmedia":[{"embeddable":true,"href":"https:\/\/www.europesays.com\/fr\/wp-json\/wp\/v2\/media\/232651"}],"wp:attachment":[{"href":"https:\/\/www.europesays.com\/fr\/wp-json\/wp\/v2\/media?parent=232650"}],"wp:term":[{"taxonomy":"category","embeddable":true,"href":"https:\/\/www.europesays.com\/fr\/wp-json\/wp\/v2\/categories?post=232650"},{"taxonomy":"post_tag","embeddable":true,"href":"https:\/\/www.europesays.com\/fr\/wp-json\/wp\/v2\/tags?post=232650"}],"curies":[{"name":"wp","href":"https:\/\/api.w.org\/{rel}","templated":true}]}}