{"id":232663,"date":"2025-07-07T12:57:10","date_gmt":"2025-07-07T12:57:10","guid":{"rendered":"https:\/\/www.europesays.com\/fr\/232663\/"},"modified":"2025-07-07T12:57:10","modified_gmt":"2025-07-07T12:57:10","slug":"aeroports-les-plus-belles-realisations-au-monde-selon-le-prix-architecture-versailles-2025-air-journal","status":"publish","type":"post","link":"https:\/\/www.europesays.com\/fr\/232663\/","title":{"rendered":"A\u00e9roports : les plus belles r\u00e9alisations au monde selon le prix \u00ab Architecture \u00bb Versailles 2025 &#8211; Air Journal"},"content":{"rendered":"<ol>\n<li><a href=\"https:\/\/news.google.com\/rss\/articles\/CBMi2AFBVV95cUxPWTBZUHJyNzN5SUxEVHpKOGVRdk5rSXdseFNOeHNpWmZnZ0hWYzNDR09CODZMRXZGNmJxY1o5Y0IwOVBJYnNxZS1iLXdpZW9jMTdQVzhfLXBhak1aY0tmeDJSSmZDV3g5NDRVYTQyTDJFR1BrTV9jUVhzNzlOamdsSXlOUHE5aVR5ajZScnZXWnJOQ2Y4Z1ZOVUpLUUhLOTFRMUZjNnhHM216RnJ6RFcxTjBORXVsYWdfMkhmVzJNeW9HWWFzSG15X2JCMVRwMmhLS3JnUTdBTVI?oc=5\" target=\"_blank\" rel=\"nofollow noopener\">A\u00e9roports : les plus belles r\u00e9alisations au monde selon le prix \u00ab Architecture \u00bb Versailles 2025<\/a>&nbsp;&nbsp;Air Journal<\/li>\n<li><a href=\"https:\/\/news.google.com\/rss\/articles\/CBMiigFBVV95cUxNeDVGN3VMdzhUelZHY25pTzVRUU13aW9zRGR3OFRfUGd1dkdRN0I4RTRJMk9icGV2bnVNN1gyRFhBVmxZd250aUFuVXdSREZZZlA3TlZnNkcwaXB3UTlCRW1XZEF2YUtQWjFqWWNxVFFIUW1CWVRjSTFXNGd4Q0ZGaUtGNVF5LXlVdkE?oc=5\" target=\"_blank\" rel=\"nofollow noopener\">Voici les 6 plus beaux a\u00e9roports du monde<\/a>&nbsp;&nbsp;TVA Nouvelles<\/li>\n<li><a href=\"https:\/\/news.google.com\/rss\/articles\/CBMiVEFVX3lxTE9saDM2dFFjTm1YRm1QVzBkRmNXZ1hZUHRTVkdDM2NCWms4M1FIREtvMXd5OUNJLURoZ0JraHFySm5OdmNzX2h3TlZieDYycVlXV0VUUA?oc=5\" target=\"_blank\" rel=\"nofollow noopener\">Prix Versailles A\u00e9roports : Roland-Garros s\u00e9lectionn\u00e9 parmi les plus beaux du monde<\/a>&nbsp;&nbsp;Imaz Press<\/li>\n<li><a href=\"https:\/\/news.google.com\/rss\/articles\/CBMiqwFBVV95cUxPQlN2OENTSlN1WUxMMW1KR2J6U2FnN2k2UmJ3VlZEdDliNEJ3YWFlOGRwQ0tXR04wY3R4bEd2ODhnOEl6c05OcXB5WHpuQWtqQnNQRHp3dk8tcjh4YmpNV3JKMGhOY3UxZi1lYmhIdk9sd19Nd2YzYnhNT09iUkFHSkhldVdqTE0zSjVCbGFwdmtrU0gtTkoyLW9vWDVhR3ItTmVsSG9Rc0J3blE?oc=5\" target=\"_blank\" rel=\"nofollow noopener\">L\u2019a\u00e9roport de Roland-Garros parmi les plus beaux a\u00e9roports du monde !<\/a>&nbsp;&nbsp;Linfo.re<\/li>\n<li><a href=\"https:\/\/news.google.com\/rss\/articles\/CBMioAFBVV95cUxOU2t0LVg4ZUFIN0VVaUFuYnhsQTF0WVRITDFNQlA1WEthYjM4Q3FwOGZpVjFDdEllejFLNTZMbTNSaXdSdTVBUlRIbkhJeDl0NnFyWWduX0JTTXpfQnBfZVJoSjdWLXVId1ZUUlpkcHFYblBZY3pnWHVqclhuWmQwNmRoSTdtTThFMzZ3ZUNFbEJXMVlEN2tENC1NMWxoYUxJ?oc=5\" target=\"_blank\" rel=\"nofollow noopener\">Ces deux a\u00e9roports fran\u00e7ais ont \u00e9t\u00e9 \u00e9lus parmi les beaux du monde&#8230; Et ils ne sont pas \u00e0 Paris !<\/a>&nbsp;&nbsp;Yahoo<\/li>\n<\/ol>\n","protected":false},"excerpt":{"rendered":"A\u00e9roports : les plus belles r\u00e9alisations au monde selon le prix \u00ab Architecture \u00bb Versailles 2025&nbsp;&nbsp;Air Journal Voici&hellip;\n","protected":false},"author":2,"featured_media":232664,"comment_status":"","ping_status":"","sticky":false,"template":"","format":"standard","meta":{"footnotes":""},"categories":[1358],"tags":[1348,1384,1385,1386,58,59,1011,27],"class_list":{"0":"post-232663","1":"post","2":"type-post","3":"status-publish","4":"format-standard","5":"has-post-thumbnail","7":"category-arts-et-design","8":"tag-arts","9":"tag-arts-and-design","10":"tag-arts-et-design","11":"tag-design","12":"tag-divertissement","13":"tag-entertainment","14":"tag-fr","15":"tag-france"},"share_on_mastodon":{"url":"https:\/\/pubeurope.com\/@fr\/114812069188170875","error":""},"_links":{"self":[{"href":"https:\/\/www.europesays.com\/fr\/wp-json\/wp\/v2\/posts\/232663","targetHints":{"allow":["GET"]}}],"collection":[{"href":"https:\/\/www.europesays.com\/fr\/wp-json\/wp\/v2\/posts"}],"about":[{"href":"https:\/\/www.europesays.com\/fr\/wp-json\/wp\/v2\/types\/post"}],"author":[{"embeddable":true,"href":"https:\/\/www.europesays.com\/fr\/wp-json\/wp\/v2\/users\/2"}],"replies":[{"embeddable":true,"href":"https:\/\/www.europesays.com\/fr\/wp-json\/wp\/v2\/comments?post=232663"}],"version-history":[{"count":0,"href":"https:\/\/www.europesays.com\/fr\/wp-json\/wp\/v2\/posts\/232663\/revisions"}],"wp:featuredmedia":[{"embeddable":true,"href":"https:\/\/www.europesays.com\/fr\/wp-json\/wp\/v2\/media\/232664"}],"wp:attachment":[{"href":"https:\/\/www.europesays.com\/fr\/wp-json\/wp\/v2\/media?parent=232663"}],"wp:term":[{"taxonomy":"category","embeddable":true,"href":"https:\/\/www.europesays.com\/fr\/wp-json\/wp\/v2\/categories?post=232663"},{"taxonomy":"post_tag","embeddable":true,"href":"https:\/\/www.europesays.com\/fr\/wp-json\/wp\/v2\/tags?post=232663"}],"curies":[{"name":"wp","href":"https:\/\/api.w.org\/{rel}","templated":true}]}}