{"id":232665,"date":"2025-07-07T12:58:09","date_gmt":"2025-07-07T12:58:09","guid":{"rendered":"https:\/\/www.europesays.com\/fr\/232665\/"},"modified":"2025-07-07T12:58:09","modified_gmt":"2025-07-07T12:58:09","slug":"cette-autrice-partage-ses-passions-a-saint-andre-les-alpes","status":"publish","type":"post","link":"https:\/\/www.europesays.com\/fr\/232665\/","title":{"rendered":"cette autrice partage ses passions \u00e0 Saint-Andr\u00e9-les-Alpes"},"content":{"rendered":"<p>\u00c0 l&rsquo;occasion de sa rencontre avec les passionn\u00e9s du club de lecture Chante livre, <a href=\"https:\/\/www.instagram.com\/marion_ac_vansteen13\/\" target=\"_blank\" rel=\"noopener\">Marion Vansteenwinckel<\/a> ne s&rsquo;est pas fait prier pour se livrer en contant son enfance en Provence, entre mer et montagne.<\/p>\n<p>\u00ab\u00a0J&rsquo;ai toujours aim\u00e9 lire et raconter des histoires. Le virus de <a href=\"https:\/\/www.laprovence.com\/article\/edition-alpes\/4480826\/lecriture-cest-beaucoup-de-recherche-et-du-plaisir.html\" target=\"_blank\" rel=\"noopener\">l&rsquo;\u00e9criture<\/a> est arriv\u00e9 quand j&rsquo;avais 16\u00a0ans. Une amie, un matin, est venue au lyc\u00e9e en me disant qu&rsquo;elle commen\u00e7ait \u00e0 \u00e9crire un livre. Je lui ai r\u00e9pondu que j&rsquo;allais essayer aussi&#8230; et lorsque j&rsquo;ai commenc\u00e9, je ne me suis jamais arr\u00eat\u00e9e\u00a0\u00bb.<\/p>\n<p>Marion a plusieurs passions, qui ont \u00e9t\u00e9 sources d&rsquo;inspiration pour ses romans. \u00ab\u00a0Je suis passionn\u00e9e par le monde animalier, la nature et l&rsquo;Histoire. Tous ces centres d&rsquo;int\u00e9r\u00eat alimentent mon inspiration et mes \u00e9crits.\u00a0\u00bb<\/p>\n<p>\u00ab\u00a0Une s\u00e9rie de 4 romans\u00a0\u00bb<\/p>\n<p>Son projet principal a \u00e9t\u00e9, depuis une dizaine d&rsquo;ann\u00e9es, la saga fantasy des Chroniques de Mohill, qu&rsquo;elle d\u00e9taille en quelques mots\u00a0: \u00ab\u00a0Une s\u00e9rie de 4 romans qui conte les aventures de Nolan et de ses amis. Dans un monde o\u00f9 la magie reprend peu \u00e0 peu ses droits, ils vont devoir stopper un druide qui tente de s&rsquo;approprier les pouvoirs de cette derni\u00e8re en mena\u00e7ant la paix, fragile \u00e0 Mohill.\u00a0\u00bb<\/p>\n<p><script async src=\"\/\/www.instagram.com\/embed.js\"><\/script><\/p>\n","protected":false},"excerpt":{"rendered":"\u00c0 l&rsquo;occasion de sa rencontre avec les passionn\u00e9s du club de lecture Chante livre, Marion Vansteenwinckel ne s&rsquo;est&hellip;\n","protected":false},"author":2,"featured_media":232666,"comment_status":"","ping_status":"","sticky":false,"template":"","format":"standard","meta":{"footnotes":""},"categories":[1357],"tags":[930,17,1379,3477,58,59,1011,27,5776,22874,1380,22636,37159,16,5336],"class_list":{"0":"post-232665","1":"post","2":"type-post","3":"status-publish","4":"format-standard","5":"has-post-thumbnail","7":"category-livres","8":"tag-le","9":"tag-17","10":"tag-books","11":"tag-cette","12":"tag-divertissement","13":"tag-entertainment","14":"tag-fr","15":"tag-france","16":"tag-jamais","17":"tag-lecriture","18":"tag-livres","19":"tag-ma","20":"tag-quittee","21":"tag-region","22":"tag-virus"},"share_on_mastodon":{"url":"https:\/\/pubeurope.com\/@fr\/114812073025682332","error":""},"_links":{"self":[{"href":"https:\/\/www.europesays.com\/fr\/wp-json\/wp\/v2\/posts\/232665","targetHints":{"allow":["GET"]}}],"collection":[{"href":"https:\/\/www.europesays.com\/fr\/wp-json\/wp\/v2\/posts"}],"about":[{"href":"https:\/\/www.europesays.com\/fr\/wp-json\/wp\/v2\/types\/post"}],"author":[{"embeddable":true,"href":"https:\/\/www.europesays.com\/fr\/wp-json\/wp\/v2\/users\/2"}],"replies":[{"embeddable":true,"href":"https:\/\/www.europesays.com\/fr\/wp-json\/wp\/v2\/comments?post=232665"}],"version-history":[{"count":0,"href":"https:\/\/www.europesays.com\/fr\/wp-json\/wp\/v2\/posts\/232665\/revisions"}],"wp:featuredmedia":[{"embeddable":true,"href":"https:\/\/www.europesays.com\/fr\/wp-json\/wp\/v2\/media\/232666"}],"wp:attachment":[{"href":"https:\/\/www.europesays.com\/fr\/wp-json\/wp\/v2\/media?parent=232665"}],"wp:term":[{"taxonomy":"category","embeddable":true,"href":"https:\/\/www.europesays.com\/fr\/wp-json\/wp\/v2\/categories?post=232665"},{"taxonomy":"post_tag","embeddable":true,"href":"https:\/\/www.europesays.com\/fr\/wp-json\/wp\/v2\/tags?post=232665"}],"curies":[{"name":"wp","href":"https:\/\/api.w.org\/{rel}","templated":true}]}}