{"id":232671,"date":"2025-07-07T13:02:09","date_gmt":"2025-07-07T13:02:09","guid":{"rendered":"https:\/\/www.europesays.com\/fr\/232671\/"},"modified":"2025-07-07T13:02:09","modified_gmt":"2025-07-07T13:02:09","slug":"parkinson-la-maladie-evolue-en-fonction-du-cote-du-corps-atteint","status":"publish","type":"post","link":"https:\/\/www.europesays.com\/fr\/232671\/","title":{"rendered":"Parkinson: la maladie \u00e9volue en fonction du c\u00f4t\u00e9 du corps atteint"},"content":{"rendered":"<p class=\"ap-StoryElement ap-StoryElement--mb ap-StoryText\">Il s&rsquo;av\u00e8re que les patients et les patientes qui ont, au d\u00e9but, des difficult\u00e9s motrices du c\u00f4t\u00e9 droit, pr\u00e9sentent un d\u00e9clin cognitif plus global et un risque de d\u00e9mence plus \u00e9lev\u00e9. Lorsque les premiers sympt\u00f4mes de la maladie se signalent \u00e0 gauche, les probl\u00e8mes psychiatriques (d\u00e9pression, anxi\u00e9t\u00e9) sont plus fr\u00e9quents.<\/p>\n<p class=\"ap-StoryElement ap-StoryElement--mb ap-StoryText\">L&rsquo;\u00e9quipe de recherche de Gen\u00e8ve plaide pour une int\u00e9gration syst\u00e9matique de ce facteur lors du diagnostic afin d&rsquo;assurer une prise en charge personnalis\u00e9e de la personne touch\u00e9e. Il serait alors possible d&rsquo;orienter le malade vers des th\u00e9rapies cibl\u00e9es en fonction du type de Parkinson dont il souffre.<\/p>\n<p class=\"ap-StoryElement ap-StoryElement--mb ap-StoryText\">La maladie de Parkinson touche environ 10 millions de personnes dans le monde. Elle d\u00e9bute g\u00e9n\u00e9ralement de fa\u00e7on asym\u00e9trique, affectant d&rsquo;abord un seul c\u00f4t\u00e9 du corps. Elle d\u00e9bute par des tremblements, une lenteur des mouvements. La maladie entra\u00eene aussi des troubles cognitifs, anxieux et d\u00e9pressifs qui sont encore peu \u00e9tudi\u00e9s.<\/p>\n","protected":false},"excerpt":{"rendered":"Il s&rsquo;av\u00e8re que les patients et les patientes qui ont, au d\u00e9but, des difficult\u00e9s motrices du c\u00f4t\u00e9 droit,&hellip;\n","protected":false},"author":2,"featured_media":2837,"comment_status":"","ping_status":"","sticky":false,"template":"","format":"standard","meta":{"footnotes":""},"categories":[10],"tags":[1011,27,72,959,71,3067],"class_list":{"0":"post-232671","1":"post","2":"type-post","3":"status-publish","4":"format-standard","5":"has-post-thumbnail","7":"category-sante","8":"tag-fr","9":"tag-france","10":"tag-health","11":"tag-recherche","12":"tag-sante","13":"tag-suisse"},"share_on_mastodon":{"url":"https:\/\/pubeurope.com\/@fr\/114812088975856647","error":""},"_links":{"self":[{"href":"https:\/\/www.europesays.com\/fr\/wp-json\/wp\/v2\/posts\/232671","targetHints":{"allow":["GET"]}}],"collection":[{"href":"https:\/\/www.europesays.com\/fr\/wp-json\/wp\/v2\/posts"}],"about":[{"href":"https:\/\/www.europesays.com\/fr\/wp-json\/wp\/v2\/types\/post"}],"author":[{"embeddable":true,"href":"https:\/\/www.europesays.com\/fr\/wp-json\/wp\/v2\/users\/2"}],"replies":[{"embeddable":true,"href":"https:\/\/www.europesays.com\/fr\/wp-json\/wp\/v2\/comments?post=232671"}],"version-history":[{"count":0,"href":"https:\/\/www.europesays.com\/fr\/wp-json\/wp\/v2\/posts\/232671\/revisions"}],"wp:featuredmedia":[{"embeddable":true,"href":"https:\/\/www.europesays.com\/fr\/wp-json\/wp\/v2\/media\/2837"}],"wp:attachment":[{"href":"https:\/\/www.europesays.com\/fr\/wp-json\/wp\/v2\/media?parent=232671"}],"wp:term":[{"taxonomy":"category","embeddable":true,"href":"https:\/\/www.europesays.com\/fr\/wp-json\/wp\/v2\/categories?post=232671"},{"taxonomy":"post_tag","embeddable":true,"href":"https:\/\/www.europesays.com\/fr\/wp-json\/wp\/v2\/tags?post=232671"}],"curies":[{"name":"wp","href":"https:\/\/api.w.org\/{rel}","templated":true}]}}