{"id":232672,"date":"2025-07-07T13:03:10","date_gmt":"2025-07-07T13:03:10","guid":{"rendered":"https:\/\/www.europesays.com\/fr\/232672\/"},"modified":"2025-07-07T13:03:10","modified_gmt":"2025-07-07T13:03:10","slug":"ce-sont-des-choses-qui-arrivent-milan-sest-excuse-apres-son-gros-coup-de-sang-contre-girmay","status":"publish","type":"post","link":"https:\/\/www.europesays.com\/fr\/232672\/","title":{"rendered":"\u00ab\u00a0Ce sont des choses qui arrivent\u00a0\u00bb, Milan s\u2019est excus\u00e9 apr\u00e8s son gros coup de sang contre Girmay"},"content":{"rendered":"<p>Jonathan Milan a beau disputer son premier <a href=\"https:\/\/www.20minutes.fr\/sport\/tour-de-france\/\" target=\"_blank\" class=\"color-ultramarine c-link\" rel=\"noopener\">Tour de France<\/a>, il n\u2019est pas du genre \u00e0 se laisser marcher sur les pieds. Quitte \u00e0 s\u2019emporter un peu vite, m\u00eame si cela colle assez bien avec la r\u00e9putation du personnage, connu pour son temp\u00e9rament volcanique. Le sprinteur italien de la Lidl-Trek s\u2019est ainsi \u00e9nerv\u00e9 tr\u00e8s fort dimanche contre <a href=\"https:\/\/www.20minutes.fr\/sport\/cyclisme\/tour-de-france\/4099055-20240701-tour-france-2024-toute-afrique-erythreen-biniam-girmay-ecrit-histoire-turin\" target=\"_blank\" class=\"color-ultramarine c-link\" rel=\"noopener\">Biniam Girmay<\/a> apr\u00e8s le sprint interm\u00e9diaire de la deuxi\u00e8me \u00e9tape, l\u2019accusant de l\u2019avoir g\u00ean\u00e9.<\/p>\n<p class=\"mb-xxl@xs color-ultramarine font-weight-semi-bold@xs font-source-serif-pro heading-s@xs\">L\u2019acc\u00e8s \u00e0 ce contenu a \u00e9t\u00e9 bloqu\u00e9 afin de respecter votre choix de consentement<\/p>\n<p class=\"mb-m@xs text-l@xs\">En cliquant sur\u00ab J\u2019accepte \u00bb, vous acceptez le d\u00e9p\u00f4t de cookies par des services externes et aurez ainsi acc\u00e8s aux contenus de nos partenaires.<\/p>\n<p class=\"mb-xl@xs text-s@xs\">Plus d\u2019informations sur la page<a href=\"https:\/\/www.20minutes.fr\/gestion-cookies\" class=\"mx-xxs@xs color-ultramarine\" target=\"_blank\" rel=\"noopener\">Politique de gestion des cookies<\/a><\/p>\n<p>J\u2019accepte<\/p>\n<p>Mais Milan sait aussi reconna\u00eetre quand il a \u00e9t\u00e9 un peu trop loin, et apr\u00e8s <a href=\"https:\/\/www.20minutes.fr\/sport\/cyclisme\/4162185-20250706-direct-tour-france-2025-pogacar-va-deja-faire-siennes-2e-etape-suivre-partir-15h\" target=\"_blank\" class=\"color-ultramarine c-link\" rel=\"noopener\">l\u2019arriv\u00e9e \u00e0 Boulogne-sur-Mer<\/a>, il est all\u00e9 pr\u00e9senter ses excuses au coureur \u00e9rythr\u00e9en devant le bus de l\u2019\u00e9quipe Intermarch\u00e9 en lui tapant dans la main.<\/p>\n<p>\u00ab\u00a0L\u2019affaire est close de notre c\u00f4t\u00e9\u00a0\u00bb, a indiqu\u00e9 l\u2019\u00e9quipe belge, davantage pr\u00e9occup\u00e9e par la chute de Girmay dans le final. Le vainqueur du maillot vert l\u2019an dernier souffre du genou gauche apr\u00e8s avoir tap\u00e9 contre le guidon. \u00ab\u00a0Ce sont des choses qui arrivent mais on se respecte beaucoup\u00a0\u00bb, a assur\u00e9 de son c\u00f4t\u00e9 l\u2019Italien.<\/p>\n<p><a href=\"https:\/\/www.20minutes.fr\/sport\/tour-de-france\/\" target=\"_blank\" class=\"c-link c-btn c-btn--primary\" rel=\"noopener\">Totue l&rsquo;actu du Tour de France<\/a><\/p>\n<p>Le coureur de 24 ans, meilleur sprinteur des deux derniers <a href=\"https:\/\/www.20minutes.fr\/sport\/giro\/\" target=\"_blank\" class=\"color-ultramarine c-link\" rel=\"noopener\">Tours d\u2019Italie<\/a>, serait bien inspir\u00e9 de garder son \u00e9nergie pour les jours \u00e0 venir. Pr\u00e9f\u00e9r\u00e9 \u00e0 Mads Pedersen pour cette \u00e9dition dans l\u2019optique des sprints massifs, il a rat\u00e9 le coche lors de la premi\u00e8re arriv\u00e9e \u00e0 Lille, pi\u00e9g\u00e9 par les changements de rythme en t\u00eate de peloton dans le final. Autant dire qu\u2019il est tr\u00e8s attendu ce lundi dans la derni\u00e8re ligne droite \u00e0 Dunkerque.<\/p>\n","protected":false},"excerpt":{"rendered":"Jonathan Milan a beau disputer son premier Tour de France, il n\u2019est pas du genre \u00e0 se laisser&hellip;\n","protected":false},"author":2,"featured_media":232673,"comment_status":"","ping_status":"","sticky":false,"template":"","format":"standard","meta":{"footnotes":""},"categories":[9],"tags":[207,1011,27,1309,517,60,14040,210],"class_list":{"0":"post-232672","1":"post","2":"type-post","3":"status-publish","4":"format-standard","5":"has-post-thumbnail","7":"category-sports","8":"tag-cyclisme","9":"tag-fr","10":"tag-france","11":"tag-nord-pas-de-calais","12":"tag-sport","13":"tag-sports","14":"tag-sprint","15":"tag-tour-de-france"},"share_on_mastodon":{"url":"https:\/\/pubeurope.com\/@fr\/114812092637404615","error":""},"_links":{"self":[{"href":"https:\/\/www.europesays.com\/fr\/wp-json\/wp\/v2\/posts\/232672","targetHints":{"allow":["GET"]}}],"collection":[{"href":"https:\/\/www.europesays.com\/fr\/wp-json\/wp\/v2\/posts"}],"about":[{"href":"https:\/\/www.europesays.com\/fr\/wp-json\/wp\/v2\/types\/post"}],"author":[{"embeddable":true,"href":"https:\/\/www.europesays.com\/fr\/wp-json\/wp\/v2\/users\/2"}],"replies":[{"embeddable":true,"href":"https:\/\/www.europesays.com\/fr\/wp-json\/wp\/v2\/comments?post=232672"}],"version-history":[{"count":0,"href":"https:\/\/www.europesays.com\/fr\/wp-json\/wp\/v2\/posts\/232672\/revisions"}],"wp:featuredmedia":[{"embeddable":true,"href":"https:\/\/www.europesays.com\/fr\/wp-json\/wp\/v2\/media\/232673"}],"wp:attachment":[{"href":"https:\/\/www.europesays.com\/fr\/wp-json\/wp\/v2\/media?parent=232672"}],"wp:term":[{"taxonomy":"category","embeddable":true,"href":"https:\/\/www.europesays.com\/fr\/wp-json\/wp\/v2\/categories?post=232672"},{"taxonomy":"post_tag","embeddable":true,"href":"https:\/\/www.europesays.com\/fr\/wp-json\/wp\/v2\/tags?post=232672"}],"curies":[{"name":"wp","href":"https:\/\/api.w.org\/{rel}","templated":true}]}}