{"id":23268,"date":"2025-04-13T23:29:21","date_gmt":"2025-04-13T23:29:21","guid":{"rendered":"https:\/\/www.europesays.com\/fr\/23268\/"},"modified":"2025-04-13T23:29:21","modified_gmt":"2025-04-13T23:29:21","slug":"grace-a-une-alliance-inedite-la-droite-et-lextreme-droite-font-adopter-un-texte-anti-immigration","status":"publish","type":"post","link":"https:\/\/www.europesays.com\/fr\/23268\/","title":{"rendered":"gr\u00e2ce \u00e0 une alliance in\u00e9dite, la droite et l\u2019extr\u00eame droite font adopter un texte anti-immigration"},"content":{"rendered":"<p><a href=\"https:\/\/www.parismatch.com\/actu\/international\/attentat-sur-un-marche-de-noel-le-chancelier-allemand-olaf-scholz-sur-les-lieux-de-lattaque-245011\" rel=\"nofollow noopener\" target=\"_blank\" data-ylk=\"slk:Olaf Scholz;elm:context_link;itc:0;sec:content-canvas\" class=\"link \">Olaf Scholz <\/a>l\u2019avait qualifi\u00e9 d&rsquo;\u00ab\u00a0erreur impardonnable\u00a0\u00bb. Pourtant, l\u2019alliance entre les Conservateurs allemands et <a href=\"https:\/\/www.parismatch.com\/actu\/international\/en-allemagne-des-manifestations-massives-pour-denoncer-lextreme-droite-233876\" rel=\"nofollow noopener\" target=\"_blank\" data-ylk=\"slk:l\u2019extr\u00eame droite;elm:context_link;itc:0;sec:content-canvas\" class=\"link \">l\u2019extr\u00eame droite<\/a> a bien eu lieu ce mercredi. Ils ont alli\u00e9 leurs voix\u00a0pour faire adopter de justesse &#8211; 348 pour, 345 contre &#8211; \u00e0 la chambre des d\u00e9put\u00e9s un texte visant \u00e0 durcir la <a href=\"https:\/\/www.parismatch.com\/actu\/politique\/ces-propos-me-genent-braun-pivet-se-desolidarise-de-bayrou-sur-limmigration-246524\" rel=\"nofollow noopener\" target=\"_blank\" data-ylk=\"slk:politique migratoire;elm:context_link;itc:0;sec:content-canvas\" class=\"link \">politique migratoire<\/a>\u00a0du pays, \u00e0 quelques semaines d\u2019\u00e9lections l\u00e9gislatives.<\/p>\n<p>Ces deux motions pr\u00e9voient entre autres de bloquer \u00e0 la fronti\u00e8re toute personne sans papier d\u2019entr\u00e9e l\u00e9gal, y compris les demandeurs d\u2019asile. Puis, vendredi, il cherchera \u00e0 faire adopter une loi limitant l\u2019immigration et \u00e9tendant les pouvoirs de police.<\/p>\n<p>Un accord in\u00e9dit entre la droite et l\u2019extr\u00eame droite<\/p>\n<p>Si la motion propos\u00e9e par les conservateurs n\u2019a pas de valeur contraignante, elle brise un v\u00e9ritable tabou en Allemagne\u00a0: jamais\u00a0les partis traditionnels n\u2019avaient collabor\u00e9 avec l\u2019extr\u00eame droite au niveau f\u00e9d\u00e9ral.<\/p>\n<p>\u00ab\u00a0Depuis la fondation de la R\u00e9publique f\u00e9d\u00e9rale d\u2019Allemagne il y a plus de 75\u00a0ans, il y a toujours eu un consensus clair de tous les d\u00e9mocrates dans nos parlements\u00a0: nous ne faisons pas cause commune avec l\u2019extr\u00eame droite\u00a0\u00bb, a lanc\u00e9 le dirigeant social-d\u00e9mocrate Olaf Scholz devant les d\u00e9put\u00e9s.<\/p>\n<p>\u00c0 lire aussi <a href=\"https:\/\/www.parismatch.com\/politique\/en-images-lemotion-de-brigitte-et-emmanuel-macron-a-auschwitz-birkenau-246521\" rel=\"nofollow noopener\" target=\"_blank\" data-ylk=\"slk:En images\u00a0: l\u2019\u00e9motion de Brigitte et Emmanuel Macron \u00e0 Auschwitz-Birkenau;elm:context_link;itc:0;sec:content-canvas\" class=\"link \">En images\u00a0: l\u2019\u00e9motion de Brigitte et Emmanuel Macron \u00e0 Auschwitz-Birkenau <\/a><\/p>\n<p>Une mise en garde qui s\u2019adressait au chef de file de l\u2019opposition conservatrice, Friedrich Merz, favori des sondages pour devenir le nouveau chancelier \u00e0 l\u2019issue des \u00e9lections l\u00e9gislatives du 23\u00a0f\u00e9vrier. \u00ab&amp;n&#8230;<\/p>\n<p><a href=\"https:\/\/www.parismatch.com\/actu\/international\/allemagne-grace-a-une-alliance-inedite-la-droite-et-lextreme-droite-font-adopter-un-texte-anti-immigration-246640?at_medium=affiliate&amp;at_campaign=Yahoo\" rel=\"nofollow noopener\" target=\"_blank\" data-ylk=\"slk:Lire la suite sur ParisMatch;elm:context_link;itc:0;sec:content-canvas\" class=\"link \">Lire la suite sur ParisMatch<\/a><\/p>\n","protected":false},"excerpt":{"rendered":"Olaf Scholz l\u2019avait qualifi\u00e9 d&rsquo;\u00ab\u00a0erreur impardonnable\u00a0\u00bb. Pourtant, l\u2019alliance entre les Conservateurs allemands et l\u2019extr\u00eame droite a bien eu&hellip;\n","protected":false},"author":2,"featured_media":23269,"comment_status":"","ping_status":"","sticky":false,"template":"","format":"standard","meta":{"footnotes":""},"categories":[1587],"tags":[11,672,1804,1805,1803,8513,1777,674,4710,1801,8514,12,6387,1802],"class_list":{"0":"post-23268","1":"post","2":"type-post","3":"status-publish","4":"format-standard","5":"has-post-thumbnail","7":"category-allemagne","8":"tag-actualites","9":"tag-allemagne","10":"tag-bundesrepublik-deutschland","11":"tag-de","12":"tag-deutschland","13":"tag-elections-legislatives","14":"tag-eu","15":"tag-europe","16":"tag-friedrich-merz","17":"tag-germany","18":"tag-la-frontiere","19":"tag-news","20":"tag-olaf-scholz","21":"tag-republique-federale-dallemagne"},"share_on_mastodon":{"url":"https:\/\/pubeurope.com\/@fr\/114333257756154648","error":""},"_links":{"self":[{"href":"https:\/\/www.europesays.com\/fr\/wp-json\/wp\/v2\/posts\/23268","targetHints":{"allow":["GET"]}}],"collection":[{"href":"https:\/\/www.europesays.com\/fr\/wp-json\/wp\/v2\/posts"}],"about":[{"href":"https:\/\/www.europesays.com\/fr\/wp-json\/wp\/v2\/types\/post"}],"author":[{"embeddable":true,"href":"https:\/\/www.europesays.com\/fr\/wp-json\/wp\/v2\/users\/2"}],"replies":[{"embeddable":true,"href":"https:\/\/www.europesays.com\/fr\/wp-json\/wp\/v2\/comments?post=23268"}],"version-history":[{"count":0,"href":"https:\/\/www.europesays.com\/fr\/wp-json\/wp\/v2\/posts\/23268\/revisions"}],"wp:featuredmedia":[{"embeddable":true,"href":"https:\/\/www.europesays.com\/fr\/wp-json\/wp\/v2\/media\/23269"}],"wp:attachment":[{"href":"https:\/\/www.europesays.com\/fr\/wp-json\/wp\/v2\/media?parent=23268"}],"wp:term":[{"taxonomy":"category","embeddable":true,"href":"https:\/\/www.europesays.com\/fr\/wp-json\/wp\/v2\/categories?post=23268"},{"taxonomy":"post_tag","embeddable":true,"href":"https:\/\/www.europesays.com\/fr\/wp-json\/wp\/v2\/tags?post=23268"}],"curies":[{"name":"wp","href":"https:\/\/api.w.org\/{rel}","templated":true}]}}