{"id":232686,"date":"2025-07-07T13:10:13","date_gmt":"2025-07-07T13:10:13","guid":{"rendered":"https:\/\/www.europesays.com\/fr\/232686\/"},"modified":"2025-07-07T13:10:13","modified_gmt":"2025-07-07T13:10:13","slug":"quels-travaux-sur-les-routes-de-la-loire-du-7-au-13-juillet","status":"publish","type":"post","link":"https:\/\/www.europesays.com\/fr\/232686\/","title":{"rendered":"Quels travaux sur les routes de la Loire du 7 au 13 juillet ?"},"content":{"rendered":"\n<p>Du 7 au 13 juillet, de nombreux travaux sont encore pr\u00e9vus sur les routes lig\u00e9riennes. On fait le point.<\/p>\n<p>A47<\/p>\n<ul>\n<li>Toujour une vitesse r\u00e9duite sur l&rsquo;A47 au niveau de Saint-Chamond, dans le sens Saint-Etienne \/ Lyon et au niveau de Rive-de-Gier dans le sens Lyon \/ Saint-Etienne. La vitesse est abaiss\u00e9e \u00e0 70 km\/h \u00e0 cause de travaux. Ils dureront jusqu&rsquo;au 1 septembre pour Saint-Chamond, et jusqu&rsquo;au 10 juillet pour Rive-de-Gier<\/li>\n<li>La bretelle dit de la bifurcation de Ternay, soit pour rejoindre l&rsquo;A47 lorsqu&rsquo;on vient de l&rsquo;A7 ou de l&rsquo;A46 sera ferm\u00e9e entre 21h et 6h du matin les nuits du lundi 7 au mardi 8 et du mardi 8 au mercredi 9 juillet. Vinci autoroute r\u00e9alise des travaux de r\u00e9novation de chauss\u00e9e.<\/li>\n<\/ul>\n<p>A72<\/p>\n<ul>\n<li>Les travaux sur le rond-point de la Gouyonni\u00e8re, en sortie d&rsquo;A72,\u00a0<a href=\"https:\/\/www.activradio.com\/echangeur-de-la-gouyounniere-des-travaux-prevus-sur-la-periode-estivale\" rel=\"noopener nofollow\" target=\"_blank\">sont toujours en cours<\/a>. La bretelle d&rsquo;entr\u00e9e de l&rsquo;\u00e9changeur 9 est ferm\u00e9e, de m\u00eame que la sortie 9b. Des d\u00e9viations sont mises en place pour permettre aux usagers de rejoindre l&rsquo;A72.<\/li>\n<li>Des travaux sont \u00e9galement pr\u00e9vu \u00e0 partir de lundi 7 juillet sur la bretelle de sortie de l&rsquo;\u00e9changeur num\u00e9ro 10, dit \u00ab\u00a0Ratarieux\u00a0\u00bb, au niveau de Saint-Priez-en-Jarez. Ces travaux vont durer 6 semaines, et la bretelle de sortie sera ferm\u00e9e pendant tout ce temps.<\/li>\n<\/ul>\n<p>RN88<\/p>\n<ul>\n<li>Sur la RN88, la circulation sera r\u00e9duite \u00e0 une voie dans le sens Saint-Chamond \/ Firminy la journ\u00e9e du jeudi 3 juillet seulement. Les travaux dureront de 9h \u00e0 16h, ce qui ne devrait pas trop impacter le trafic. On rappelle \u00e9galement que sur la RN88 la bretelle \u00ab\u00a0Annonay &#8211; Col de la R\u00e9publique\u00a0\u00bb est toujours ferm\u00e9e et ce, jusqu&rsquo;au 10 octobre.<\/li>\n<\/ul>\n<p>Roanne<\/p>\n<ul>\n<li>Dans le cadre d\u2019un chantier de r\u00e9fection de toiture,\u00a0la rue Marceau sera ferm\u00e9e du 7 au 27 juillet de 9h30 \u00e0 17h.<\/li>\n<\/ul>\n<p>\u00a0<\/p>\n","protected":false},"excerpt":{"rendered":"Du 7 au 13 juillet, de nombreux travaux sont encore pr\u00e9vus sur les routes lig\u00e9riennes. On fait le&hellip;\n","protected":false},"author":2,"featured_media":232687,"comment_status":"","ping_status":"","sticky":false,"template":"","format":"standard","meta":{"footnotes":""},"categories":[9653],"tags":[15291,15290,1111,11,2430,1777,674,1011,27,803,12,25,15292,9838,209,4001,2086],"class_list":{"0":"post-232686","1":"post","2":"type-post","3":"status-publish","4":"format-standard","5":"has-post-thumbnail","7":"category-saint-etienne","8":"tag-a47","9":"tag-a72","10":"tag-actu","11":"tag-actualites","12":"tag-auvergne-rhone-alpes","13":"tag-eu","14":"tag-europe","15":"tag-fr","16":"tag-france","17":"tag-info-trafic","18":"tag-news","19":"tag-republique-francaise","20":"tag-rn88","21":"tag-roanne","22":"tag-route","23":"tag-saint-etienne","24":"tag-travaux"},"share_on_mastodon":{"url":"https:\/\/pubeurope.com\/@fr\/114812120207369258","error":""},"_links":{"self":[{"href":"https:\/\/www.europesays.com\/fr\/wp-json\/wp\/v2\/posts\/232686","targetHints":{"allow":["GET"]}}],"collection":[{"href":"https:\/\/www.europesays.com\/fr\/wp-json\/wp\/v2\/posts"}],"about":[{"href":"https:\/\/www.europesays.com\/fr\/wp-json\/wp\/v2\/types\/post"}],"author":[{"embeddable":true,"href":"https:\/\/www.europesays.com\/fr\/wp-json\/wp\/v2\/users\/2"}],"replies":[{"embeddable":true,"href":"https:\/\/www.europesays.com\/fr\/wp-json\/wp\/v2\/comments?post=232686"}],"version-history":[{"count":0,"href":"https:\/\/www.europesays.com\/fr\/wp-json\/wp\/v2\/posts\/232686\/revisions"}],"wp:featuredmedia":[{"embeddable":true,"href":"https:\/\/www.europesays.com\/fr\/wp-json\/wp\/v2\/media\/232687"}],"wp:attachment":[{"href":"https:\/\/www.europesays.com\/fr\/wp-json\/wp\/v2\/media?parent=232686"}],"wp:term":[{"taxonomy":"category","embeddable":true,"href":"https:\/\/www.europesays.com\/fr\/wp-json\/wp\/v2\/categories?post=232686"},{"taxonomy":"post_tag","embeddable":true,"href":"https:\/\/www.europesays.com\/fr\/wp-json\/wp\/v2\/tags?post=232686"}],"curies":[{"name":"wp","href":"https:\/\/api.w.org\/{rel}","templated":true}]}}