{"id":232688,"date":"2025-07-07T13:11:10","date_gmt":"2025-07-07T13:11:10","guid":{"rendered":"https:\/\/www.europesays.com\/fr\/232688\/"},"modified":"2025-07-07T13:11:10","modified_gmt":"2025-07-07T13:11:10","slug":"trois-militaires-hors-service-attaques-au-couteau-lagresseur-en-fuite","status":"publish","type":"post","link":"https:\/\/www.europesays.com\/fr\/232688\/","title":{"rendered":"trois militaires hors service attaqu\u00e9s au couteau, l\u2019agresseur en fuite"},"content":{"rendered":"<p>Une enqu\u00eate a \u00e9t\u00e9 ouverte par le parquet de Saint-\u00c9tienne.<\/p>\n<p class=\"fig-paragraph\">Dans la nuit de vendredi \u00e0 samedi, alors qu\u2019ils traversaient la route \u00e0\u00a0<a href=\"http:\/\/www.lefigaro.fr\/flash-actu\/attentat-masculiniste-dejoue-a-saint-etienne-mort-d-une-fillette-de-10-ans-au-chateau-de-versailles-verstappen-annonce-chez-mercedes-les-3-infos-a-retenir-a-la-mi-journee-20250702\" data-fig-type=\"NewsFlash\" data-gtm-custom-categorie=\"navigation\" data-gtm-custom-action=\"crossclick\" data-gtm-custom-label=\"Contextuel\" data-gtm-event=\"customEventSPE\" data-fig-domain=\"LEFIGARO\" rel=\"nofollow noopener\" target=\"_blank\">Saint-\u00c9tienne<\/a>, trois militaires hors service de l\u2019<a href=\"http:\/\/www.lefigaro.fr\/faits-divers\/paris-un-militaire-sentinelle-blesse-au-couteau-un-suspect-interpelle-20240715\" data-fig-type=\"NewsFlash\" data-gtm-custom-categorie=\"navigation\" data-gtm-custom-action=\"crossclick\" data-gtm-custom-label=\"Contextuel\" data-gtm-event=\"customEventSPE\" data-fig-domain=\"LEFIGARO\" rel=\"nofollow noopener\" target=\"_blank\">op\u00e9ration Sentinelle<\/a>\u00a0ont fait signe \u00e0 un homme qui arrivait en voiture de ralentir \u00e0 l\u2019approche du passage pi\u00e9ton. Le jeune automobiliste leur a alors lanc\u00e9 une canette de soda dessus et les a insult\u00e9s. Selon une information de\u00a0<a href=\"https:\/\/www.valeursactuelles.com\/faits-divers\/info-va-saint-etienne-trois-militaires-hors-service-agresses-au-couteau-deux-blesses\" target=\"_blank\" rel=\"nofollow noopener\" data-gtm-custom-categorie=\"navigation\" data-gtm-custom-action=\"crossclick\" data-gtm-custom-label=\"Contextuel\" data-gtm-event=\"customEventSPE\">Valeurs actuelles<\/a>, le jeune homme est ensuite sorti de sa voiture et a frapp\u00e9 un des militaires au visage avant de sortir un couteau avec lequel il a l\u00e9g\u00e8rement bless\u00e9 les deux autres \u00e0 l\u2019oreille et au cou avant de prendre la fuite.<\/p>\n<p class=\"fig-paragraph\">D\u2019apr\u00e8s nos confr\u00e8res, \u00abl\u2019immatriculation du v\u00e9hicule correspondrait \u00e0 un homme \u00e2g\u00e9 de 21 ans, d\u00e9j\u00e0 connu au traitement des ant\u00e9c\u00e9dents judiciaires (TAJ) et inconnu du renseignement territorial\u00bb. Il est toujours recherch\u00e9. Une enqu\u00eate a \u00e9t\u00e9 ouverte par le parquet de Saint-\u00c9tienne. Selon les premiers \u00e9l\u00e9ments de l\u2019enqu\u00eate, les trois militaires n\u2019ont pas \u00e9t\u00e9 vis\u00e9s en raison de leur m\u00e9tier. Les militaires ont \u00e9t\u00e9 pris en charge \u00e0 l\u2019h\u00f4pital pour des blessures l\u00e9g\u00e8res.<\/p>\n","protected":false},"excerpt":{"rendered":"Une enqu\u00eate a \u00e9t\u00e9 ouverte par le parquet de Saint-\u00c9tienne. Dans la nuit de vendredi \u00e0 samedi, alors&hellip;\n","protected":false},"author":2,"featured_media":232689,"comment_status":"","ping_status":"","sticky":false,"template":"","format":"standard","meta":{"footnotes":""},"categories":[9653],"tags":[1111,11,1120,2430,1777,674,1011,27,13264,12,37161,25,4001],"class_list":{"0":"post-232688","1":"post","2":"type-post","3":"status-publish","4":"format-standard","5":"has-post-thumbnail","7":"category-saint-etienne","8":"tag-actu","9":"tag-actualites","10":"tag-agression","11":"tag-auvergne-rhone-alpes","12":"tag-eu","13":"tag-europe","14":"tag-fr","15":"tag-france","16":"tag-militaires","17":"tag-news","18":"tag-operation-sentinelle","19":"tag-republique-francaise","20":"tag-saint-etienne"},"share_on_mastodon":{"url":"https:\/\/pubeurope.com\/@fr\/114812124075213414","error":""},"_links":{"self":[{"href":"https:\/\/www.europesays.com\/fr\/wp-json\/wp\/v2\/posts\/232688","targetHints":{"allow":["GET"]}}],"collection":[{"href":"https:\/\/www.europesays.com\/fr\/wp-json\/wp\/v2\/posts"}],"about":[{"href":"https:\/\/www.europesays.com\/fr\/wp-json\/wp\/v2\/types\/post"}],"author":[{"embeddable":true,"href":"https:\/\/www.europesays.com\/fr\/wp-json\/wp\/v2\/users\/2"}],"replies":[{"embeddable":true,"href":"https:\/\/www.europesays.com\/fr\/wp-json\/wp\/v2\/comments?post=232688"}],"version-history":[{"count":0,"href":"https:\/\/www.europesays.com\/fr\/wp-json\/wp\/v2\/posts\/232688\/revisions"}],"wp:featuredmedia":[{"embeddable":true,"href":"https:\/\/www.europesays.com\/fr\/wp-json\/wp\/v2\/media\/232689"}],"wp:attachment":[{"href":"https:\/\/www.europesays.com\/fr\/wp-json\/wp\/v2\/media?parent=232688"}],"wp:term":[{"taxonomy":"category","embeddable":true,"href":"https:\/\/www.europesays.com\/fr\/wp-json\/wp\/v2\/categories?post=232688"},{"taxonomy":"post_tag","embeddable":true,"href":"https:\/\/www.europesays.com\/fr\/wp-json\/wp\/v2\/tags?post=232688"}],"curies":[{"name":"wp","href":"https:\/\/api.w.org\/{rel}","templated":true}]}}