{"id":232702,"date":"2025-07-07T13:22:12","date_gmt":"2025-07-07T13:22:12","guid":{"rendered":"https:\/\/www.europesays.com\/fr\/232702\/"},"modified":"2025-07-07T13:22:12","modified_gmt":"2025-07-07T13:22:12","slug":"un-couple-laisse-son-enfant-pendant-1h30-dans-une-voiture-en-plein-soleil","status":"publish","type":"post","link":"https:\/\/www.europesays.com\/fr\/232702\/","title":{"rendered":"un couple laisse son enfant pendant 1h30 dans une voiture en plein soleil"},"content":{"rendered":"<p>\t\t\t\t\t\t\t\t\t\t\t<img loading=\"lazy\" decoding=\"async\" width=\"1110\" title=\"Pr\u00e8s de Grenoble : un couple laisse son enfant pendant 1h30 dans une voiture en plein soleil\" class=\"img-fluid not_lzld mb-3\" src=\"https:\/\/grandgrenoble.alpes1.com\/media\/news\/thumb\/1110x624_pres-de-grenoble-un-couple-laisse-son-enfant-pendant-1h30-dans-une-voiture-en-plein-soleil_686b8ea360e17.webp\" alt=\"Pr\u00e8s de Grenoble : un couple laisse son enfant pendant 1h30 dans une voiture en plein soleil\" itemprop=\"image\" height=\"624\"\/>\t\t\t\t\t\t\t\t\t\t\t\t<\/p>\n<p>Pr\u00e8s de Grenoble : un couple laisse son enfant pendant 1h30 dans une voiture en plein soleil &#8211; DR<\/p>\n<p itemprop=\"description\"><strong>Un couple sera convoqu\u00e9 par la gendarmerie \u00e0 la demande du parquet apr\u00e8s avoir laiss\u00e9 son enfant de deux ans dans la voiture en plein soleil.<\/strong><\/p>\n<p>Les parents d\u2019un enfant de deux ans vont \u00eatre convoqu\u00e9s par la gendarmerie \u00e0 la demande du parquet apr\u00e8s un incident. Alors qu\u2019ils assistaient \u00e0 un spectacle de cirque ce samedi 5 juillet \u00e0 Revel, un couple a laiss\u00e9 son enfant pendant 1h30 dans une voiture gar\u00e9e en plein de soleil.<\/p>\n<p>Pour s\u2019assurer qu\u2019il allait bien, ils venaient v\u00e9rifier son \u00e9tat \u00e0 intervalles r\u00e9guliers. Mais ces allers-retours ne sont pas pass\u00e9s inaper\u00e7us.<\/p>\n<p>Laisser un enfant dans une voiture est \u00e0 la fois dangereux pour sa s\u00e9curit\u00e9, mais aussi pour sa sant\u00e9 avec la forte chaleur. Des agents de s\u00e9curit\u00e9 ont alors directement pr\u00e9venu les parents de leur action irresponsable. Mais ces remarques ne semblent pas avoir \u00e9t\u00e9 prises en compte.<\/p>\n<p>Les t\u00e9moins ont donc d\u00e9cid\u00e9 de faire appel aux gendarmes qui ont pris contact avec les parents. N\u00e9anmoins, ces derniers ont d\u00e9clar\u00e9 n\u2019avoir commis aucune faute, et n&rsquo;ont pas voulu expliquer pourquoi ils n&rsquo;avaient pas emmen\u00e9 l&rsquo;enfant avec eux. Des explications qu&rsquo;ils r\u00e9serveront donc aux autorit\u00e9s.<\/p>\n","protected":false},"excerpt":{"rendered":"Pr\u00e8s de Grenoble : un couple laisse son enfant pendant 1h30 dans une voiture en plein soleil &#8211;&hellip;\n","protected":false},"author":2,"featured_media":232703,"comment_status":"","ping_status":"","sticky":false,"template":"","format":"standard","meta":{"footnotes":""},"categories":[9566],"tags":[1111,11,7733,8279,2430,7736,650,7734,2889,2263,1777,674,1011,27,2731,8280,6417,1114,108,4662,12,3725,1825,25,7737],"class_list":{"0":"post-232702","1":"post","2":"type-post","3":"status-publish","4":"format-standard","5":"has-post-thumbnail","7":"category-grenoble","8":"tag-actu","9":"tag-actualites","10":"tag-alpes","11":"tag-alpes1","12":"tag-auvergne-rhone-alpes","13":"tag-cds","14":"tag-cinema","15":"tag-ecoute","16":"tag-emission","17":"tag-equipe","18":"tag-eu","19":"tag-europe","20":"tag-fr","21":"tag-france","22":"tag-grenoble","23":"tag-haute","24":"tag-information","25":"tag-infos","26":"tag-isere","27":"tag-journal","28":"tag-news","29":"tag-podcast","30":"tag-radio","31":"tag-republique-francaise","32":"tag-winamp"},"share_on_mastodon":{"url":"https:\/\/pubeurope.com\/@fr\/114812167444081245","error":""},"_links":{"self":[{"href":"https:\/\/www.europesays.com\/fr\/wp-json\/wp\/v2\/posts\/232702","targetHints":{"allow":["GET"]}}],"collection":[{"href":"https:\/\/www.europesays.com\/fr\/wp-json\/wp\/v2\/posts"}],"about":[{"href":"https:\/\/www.europesays.com\/fr\/wp-json\/wp\/v2\/types\/post"}],"author":[{"embeddable":true,"href":"https:\/\/www.europesays.com\/fr\/wp-json\/wp\/v2\/users\/2"}],"replies":[{"embeddable":true,"href":"https:\/\/www.europesays.com\/fr\/wp-json\/wp\/v2\/comments?post=232702"}],"version-history":[{"count":0,"href":"https:\/\/www.europesays.com\/fr\/wp-json\/wp\/v2\/posts\/232702\/revisions"}],"wp:featuredmedia":[{"embeddable":true,"href":"https:\/\/www.europesays.com\/fr\/wp-json\/wp\/v2\/media\/232703"}],"wp:attachment":[{"href":"https:\/\/www.europesays.com\/fr\/wp-json\/wp\/v2\/media?parent=232702"}],"wp:term":[{"taxonomy":"category","embeddable":true,"href":"https:\/\/www.europesays.com\/fr\/wp-json\/wp\/v2\/categories?post=232702"},{"taxonomy":"post_tag","embeddable":true,"href":"https:\/\/www.europesays.com\/fr\/wp-json\/wp\/v2\/tags?post=232702"}],"curies":[{"name":"wp","href":"https:\/\/api.w.org\/{rel}","templated":true}]}}