{"id":232704,"date":"2025-07-07T13:23:10","date_gmt":"2025-07-07T13:23:10","guid":{"rendered":"https:\/\/www.europesays.com\/fr\/232704\/"},"modified":"2025-07-07T13:23:10","modified_gmt":"2025-07-07T13:23:10","slug":"le-rabbin-dont-lappartement-a-ete-detruit-par-un-incendie-a-porte-plainte","status":"publish","type":"post","link":"https:\/\/www.europesays.com\/fr\/232704\/","title":{"rendered":"Le rabbin, dont l\u2019appartement a \u00e9t\u00e9 d\u00e9truit par un incendie, a port\u00e9 plainte"},"content":{"rendered":"<p>Deux jours apr\u00e8s un violent <a href=\"https:\/\/www.20minutes.fr\/dossier\/incendie\" class=\"color-ultramarine c-link\" rel=\"nofollow noopener\" target=\"_blank\">incendie<\/a> qui a d\u00e9truit son appartement, le rabbin qui officie \u00e0 la synagogue Lazare Carnot \u00e0 <a href=\"https:\/\/www.20minutes.fr\/grenoble\/\" class=\"color-ultramarine c-link\" rel=\"nofollow noopener\" target=\"_blank\">Grenoble<\/a> a d\u00e9pos\u00e9 plainte, a indiqu\u00e9 sa fille \u00e0 <a href=\"https:\/\/france3-regions.franceinfo.fr\/auvergne-rhone-alpes\/isere\/grenoble\/incendie-de-l-appartement-d-un-rabbin-la-piste-criminelle-pas-averee-pas-de-revendication-antisemite-annonce-le-parquet-de-grenoble-3184257.html\" rel=\"nofollow noopener\" target=\"_blank\" class=\"color-ultramarine c-link\">France 3<\/a>.<\/p>\n<\/p>\n<p>Samedi, vers 12h30, un feu s\u2019est d\u00e9clench\u00e9 dans son logement, situ\u00e9 au rez-de-chauss\u00e9e d\u2019un immeuble du quartier Hoche, avant de se propager \u00e0 deux appartements du dessus. Lors de l\u2019intervention, huit pompiers ont \u00e9t\u00e9 bless\u00e9s par l\u2019explosion de bonbonnes de gaz \u00e0 l\u2019int\u00e9rieur de certaines habitations et trois policiers municipaux ont \u00e9t\u00e9 hospitalis\u00e9s apr\u00e8s avoir inhal\u00e9 de la fum\u00e9e.<\/p>\n<p>Une enqu\u00eate en cours<\/p>\n<p>D\u2019apr\u00e8s la fille du rabbin, interrog\u00e9e par France 3 le jour de l\u2019incendie, l\u2019appartement \u00e9tait vide au moment des faits. \u00ab\u00a0C\u2019est un miracle, nous \u00e9tions ailleurs pour un repas de famille. Tout a \u00e9t\u00e9 br\u00fbl\u00e9, il ne reste plus rien\u00a0\u00bb, a-t-elle t\u00e9moign\u00e9. Aucun habitant n\u2019a \u00e9t\u00e9 bless\u00e9 mais quatre familles ont d\u00fb \u00eatre relog\u00e9es.<\/p>\n<p><a href=\"https:\/\/www.20minutes.fr\/faits_divers\/\" class=\"c-link c-btn c-btn--primary\" rel=\"nofollow noopener\" target=\"_blank\">Notre dossier Faits divers<\/a><\/p>\n<p>Lundi, le procureur de la r\u00e9publique de Grenoble, Etienne Manteaux, a indiqu\u00e9 \u00e0 la cha\u00eene locale que les enqu\u00eateurs avaient recueilli \u00ab\u00a0beaucoup d\u2019informations contradictoires\u00a0\u00bb et que la piste criminelle n\u2019\u00e9tait \u00ab\u00a0pas av\u00e9r\u00e9e \u00e0 cette heure\u00a0\u00bb. L\u2019enqu\u00eate est toujours en cours pour d\u00e9terminer l\u2019origine de l\u2019incendie et les circonstances exactes des faits.<\/p>\n","protected":false},"excerpt":{"rendered":"Deux jours apr\u00e8s un violent incendie qui a d\u00e9truit son appartement, le rabbin qui officie \u00e0 la synagogue&hellip;\n","protected":false},"author":2,"featured_media":232705,"comment_status":"","ping_status":"","sticky":false,"template":"","format":"standard","meta":{"footnotes":""},"categories":[9566],"tags":[1111,47,11,2430,1067,1777,674,118,1312,1011,27,2731,1310,108,12,5511,25,2431,15934],"class_list":{"0":"post-232704","1":"post","2":"type-post","3":"status-publish","4":"format-standard","5":"has-post-thumbnail","7":"category-grenoble","8":"tag-actu","9":"tag-actualite","10":"tag-actualites","11":"tag-auvergne-rhone-alpes","12":"tag-enquete","13":"tag-eu","14":"tag-europe","15":"tag-faits-divers","16":"tag-feu","17":"tag-fr","18":"tag-france","19":"tag-grenoble","20":"tag-incendie","21":"tag-isere","22":"tag-news","23":"tag-procureur","24":"tag-republique-francaise","25":"tag-rhone-alpes","26":"tag-synagogue"},"share_on_mastodon":{"url":"https:\/\/pubeurope.com\/@fr\/114812171488037689","error":""},"_links":{"self":[{"href":"https:\/\/www.europesays.com\/fr\/wp-json\/wp\/v2\/posts\/232704","targetHints":{"allow":["GET"]}}],"collection":[{"href":"https:\/\/www.europesays.com\/fr\/wp-json\/wp\/v2\/posts"}],"about":[{"href":"https:\/\/www.europesays.com\/fr\/wp-json\/wp\/v2\/types\/post"}],"author":[{"embeddable":true,"href":"https:\/\/www.europesays.com\/fr\/wp-json\/wp\/v2\/users\/2"}],"replies":[{"embeddable":true,"href":"https:\/\/www.europesays.com\/fr\/wp-json\/wp\/v2\/comments?post=232704"}],"version-history":[{"count":0,"href":"https:\/\/www.europesays.com\/fr\/wp-json\/wp\/v2\/posts\/232704\/revisions"}],"wp:featuredmedia":[{"embeddable":true,"href":"https:\/\/www.europesays.com\/fr\/wp-json\/wp\/v2\/media\/232705"}],"wp:attachment":[{"href":"https:\/\/www.europesays.com\/fr\/wp-json\/wp\/v2\/media?parent=232704"}],"wp:term":[{"taxonomy":"category","embeddable":true,"href":"https:\/\/www.europesays.com\/fr\/wp-json\/wp\/v2\/categories?post=232704"},{"taxonomy":"post_tag","embeddable":true,"href":"https:\/\/www.europesays.com\/fr\/wp-json\/wp\/v2\/tags?post=232704"}],"curies":[{"name":"wp","href":"https:\/\/api.w.org\/{rel}","templated":true}]}}