{"id":232710,"date":"2025-07-07T13:26:18","date_gmt":"2025-07-07T13:26:18","guid":{"rendered":"https:\/\/www.europesays.com\/fr\/232710\/"},"modified":"2025-07-07T13:26:18","modified_gmt":"2025-07-07T13:26:18","slug":"strasbourg-une-maison-de-la-sante-mentale-pour-changer-de-regard-sur-les-troubles-psy","status":"publish","type":"post","link":"https:\/\/www.europesays.com\/fr\/232710\/","title":{"rendered":"Strasbourg. Une Maison de la sant\u00e9 mentale pour changer de regard sur les troubles psy"},"content":{"rendered":"<p class=\"wp-block-post-excerpt__excerpt\">Une Maison de la sant\u00e9 mentale a ouvert ses portes dans le quartier des Halles \u00e0 Strasbourg. Ce lieu a vocation \u00e0 accueillir toutes les personnes d\u00e9sireuses de s\u2019informer et d\u2019\u00e9changer sur les troubles psychiques. <\/p>\n<p class=\"font-sans\">\n\t\t\tCet article est en acc\u00e8s libre. Pour soutenir Rue89 Strasbourg,<br \/>\n\t\t\t<a class=\"underline\" href=\"https:\/\/www.rue89strasbourg.com\/abonnement\" rel=\"nofollow noopener\" target=\"_blank\">abonnez-vous<\/a>.\n\t\t<\/p>\n<p>Dorian Mao<\/p>\n<p>Publi\u00e9 le 7 juillet 2025\u00a0\u00a0\u00b7\u00a0\u00a0<\/p>\n<p>Imprim\u00e9 le 7 juillet 2025 \u00e0 15h10\u00a0\u00a0\u00b7\u00a0\u00a0<\/p>\n<p>Modifi\u00e9 le 7 juillet 2025\u00a0\u00a0\u00b7\u00a0\u00a0<\/p>\n<p>\t\t\t\t\t3\u00a0minutes\n<\/p>\n<p class=\"has-drop-cap\">\u00ab\u00a0La sant\u00e9 mentale c\u2019est un mot \u00e0 la mode en ce moment, mais cet endroit, c\u2019est l\u2019aboutissement de notre r\u00eave avec ma m\u00e8re\u00a0\u00bb sourit Millie Reading, 36 ans, autrice et r\u00e9alisatrice de vid\u00e9os de sensibilisation \u00e0 la bipolarit\u00e9 sur Youtube. Aux c\u00f4t\u00e9s de sa m\u00e8re Marie Agn\u00e8s, 66 ans, elles regardent avec fiert\u00e9 le panneau de la devanture de la nouvelle Maison de la sant\u00e9 mentale de l\u2019Eurom\u00e9tropole de Strasbourg.<\/p>\n<p><img loading=\"lazy\" decoding=\"async\" width=\"792\" height=\"548\" src=\"https:\/\/www.europesays.com\/fr\/wp-content\/uploads\/2025\/07\/panneau-sante-mentale-792x548.jpg\" alt=\"\" class=\"wp-image-349624\"  \/> Le logo et le panneau de devanture de la maison de la sant\u00e9 mentale de Strasbourg.Photo\u00a0: Dorian Mao \/ Rue89 Strasbourg<\/p>\n<p>Toutes les deux vivent avec un <a href=\"https:\/\/fr.wikipedia.org\/wiki\/Trouble_bipolaire\" target=\"_blank\" rel=\"noreferrer noopener nofollow\">trouble bipolaire<\/a> et sont \u00e0 l\u2019origine de la cr\u00e9ation de ce nouveau lieu, d\u00e9di\u00e9 \u00e0 la sensibilisation, la pr\u00e9vention et l\u2019accompagnement sur les questions des troubles psychiques\u00a0:<\/p>\n<blockquote class=\"wp-block-quote is-layout-flow wp-block-quote-is-layout-flow\">\n<p>\u00ab\u00a0En 2018, aucune association, personne ne parlait de sant\u00e9 mentale hors du secteur m\u00e9dical. Millie s\u2019est plainte de ne pas trouver de lieu convivial, vivant o\u00f9 l\u2019on pouvait \u00e9changer librement sur les troubles psychiques sans \u00eatre jug\u00e9e. C\u2019est \u00e0 partir de l\u00e0 que l\u2019on a eu l\u2019id\u00e9e et la volont\u00e9 de cr\u00e9er cet endroit.\u00a0\u00bb<\/p>\n<\/blockquote>\n<p>Projet port\u00e9 par l\u2019Eurom\u00e9tropole de Strasbourg et de nombreux organismes locaux et nationaux, l\u2019id\u00e9e de Millie Reading s\u2019est concr\u00e9tis\u00e9e au 4 rue des Bonnes-Gens \u00e0 Strasbourg, et inaugur\u00e9e jeudi 3 juillet en pr\u00e9sence de Jeanne Barseghian, maire (Les \u00c9cologistes) de Strasbourg :<\/p>\n<blockquote class=\"wp-block-quote is-layout-flow wp-block-quote-is-layout-flow\">\n<p>\u00ab\u00a0La sant\u00e9 mentale est la grande cause nationale de 2025. Ce projet a \u00e9t\u00e9 \u00e9labor\u00e9 avec les premiers concern\u00e9s, les personnes vivant avec des troubles psychiques. Cette Maison de la sant\u00e9 mentale, la premi\u00e8re en France, a pour vocation de devenir un lieu pour changer les regards de la soci\u00e9t\u00e9 sur la sant\u00e9 mentale.\u00a0\u00bb<\/p>\n<\/blockquote>\n<p><img loading=\"lazy\" decoding=\"async\" width=\"792\" height=\"528\" src=\"https:\/\/www.europesays.com\/fr\/wp-content\/uploads\/2025\/07\/dsc-0668-792x528.jpg\" alt=\"\" class=\"wp-image-349638\"  \/> Dans la rue des Bonnes-Gens, le nouveau logo de la Maison de la sant\u00e9 mentale a d\u00e9j\u00e0 \u00e9t\u00e9 install\u00e9.<\/p>\n<p><a href=\"https:\/\/www.rue89strasbourg.com\/la-newsletter\" rel=\"nofollow noopener\" target=\"_blank\"><img loading=\"lazy\" decoding=\"async\" width=\"970\" height=\"250\" src=\"https:\/\/www.europesays.com\/fr\/wp-content\/uploads\/2025\/06\/bannie\u0300re-autopromo-2025-desktop-1.gif\" alt=\"\" class=\"wp-image-347550\" style=\"width:792px;height:auto\"\/><\/a><\/p>\n<p><a href=\"https:\/\/www.rue89strasbourg.com\/la-newsletter\" rel=\"nofollow noopener\" target=\"_blank\"><img loading=\"lazy\" decoding=\"async\" width=\"300\" height=\"300\" src=\"https:\/\/www.europesays.com\/fr\/wp-content\/uploads\/2025\/06\/bannie\u0300res-autopromo-300x300-2.gif\" alt=\"\" class=\"wp-image-347551\"\/><\/a><\/p>\n<p>Un lieu g\u00e9r\u00e9 par une vingtaine d\u2019associations<\/p>\n<p>Avant d\u2019\u00eatre un lieu, la Maison de la sant\u00e9 mentale est une association cr\u00e9\u00e9e en 2021. Pr\u00e9sid\u00e9e par Martine Anstett, elle esp\u00e8re que ce lieu va permettre \u00ab\u00a0de soigner les gens, hors du secteur m\u00e9dical\u00a0\u00bb :<\/p>\n<blockquote class=\"wp-block-quote is-layout-flow wp-block-quote-is-layout-flow\">\n<p>\u00ab\u00a0Le syst\u00e8me m\u00e9dical fran\u00e7ais n\u2019est pas assez adapt\u00e9 aux questions de sant\u00e9 mentale. Lorsque les gens ne peuvent pas payer une consultation, il faut aller \u00e0 l\u2019h\u00f4pital avec parfois plusieurs mois d\u2019attente pour avoir un rendez-vous. En attendant, que font ces personnes ? La Maison de la sant\u00e9 mentale peut avoir ce r\u00f4le d\u2019accompagnement en attendant une prise en charge m\u00e9dicale.\u00a0\u00bb<\/p>\n<\/blockquote>\n<p><img loading=\"lazy\" decoding=\"async\" width=\"792\" height=\"528\" src=\"https:\/\/www.europesays.com\/fr\/wp-content\/uploads\/2025\/07\/dsc-0758-792x528.jpg\" alt=\"\" class=\"wp-image-349623\"  \/> Martine Anstett, pr\u00e9sidente de la maison de la sant\u00e9 mentale de Strasbourg.Photo\u00a0: Dorian Mao \/ Rue89 Strasbourg<\/p>\n<p>Au total, pr\u00e8s d\u2019une vingtaine d\u2019associations bas-rhinoises se relaieront pour tenir des permanences, organiser des ateliers de th\u00e9\u00e2tre, des caf\u00e9s psy, des forums, des conf\u00e9rences et de nombreuses autres activit\u00e9s en lien avec la sant\u00e9 mentale. \u00ab\u00a0Cet endroit sera ouvert vers le monde, vers l\u2019ext\u00e9rieur. C\u2019est un lieu pour toutes et tous. Il faut que la sensibilisation aille au-del\u00e0 des personnes concern\u00e9es par des troubles psy\u00a0\u00bb esp\u00e8re Millie Reading.<\/p>\n<p>\t\tUn projet financ\u00e9 par de nombreux acteurs et collectivit\u00e9s <\/p>\n<p>L\u2019\u00c9tat a soutenu le projet de cr\u00e9ation de la Maison de la sant\u00e9 mentale \u00ab\u00a0\u00e0 hauteur de 18\u00a0000\u20ac via l\u2019Agence r\u00e9gionale de sant\u00e9 du Grand Est\u00a0\u00bb pr\u00e9cise, dans une vid\u00e9o, Yannick Neuder, ministre en charge de la sant\u00e9 et de l\u2019acc\u00e8s au soin. L\u2019Eurom\u00e9tropole de Strasbourg a contribu\u00e9 \u00e0 hauteur de 50\u00a0000\u20ac pour la r\u00e9alisation du projet, tout comme le r\u00e9gime local Alsace-Moselle de la S\u00e9curit\u00e9 sociale. La Maison de la sant\u00e9 mentale a \u00e9galement re\u00e7u 45 000\u20ac de la Fondation de France.<\/p>\n<p>Les porteurs de l\u2019association de la Maison de la sant\u00e9 mentale planchent d\u00e9j\u00e0 sur la suite, peut-\u00eatre la cr\u00e9ation d\u2019une \u00ab\u00a0universit\u00e9 populaire de la sant\u00e9 mentale\u00a0\u00bb avec toujours l\u2019ambition de d\u00e9cloisonner le domaine.<\/p>\n<p>Y <strong>aller<\/strong><\/p>\n<p><strong>Maison de la sant\u00e9 mentale,<\/strong> 4 rue des Bonnes-Gens \u00e0 Strasbourg \u2013 Halles. Accueil du public, du lundi au vendredi, de 9h \u00e0 midi et de 13h \u00e0 17h. <\/p>\n","protected":false},"excerpt":{"rendered":"Une Maison de la sant\u00e9 mentale a ouvert ses portes dans le quartier des Halles \u00e0 Strasbourg. Ce&hellip;\n","protected":false},"author":2,"featured_media":232711,"comment_status":"","ping_status":"","sticky":false,"template":"","format":"standard","meta":{"footnotes":""},"categories":[2820],"tags":[1111,11,1777,674,1011,27,775,12,25,2072,640],"class_list":{"0":"post-232710","1":"post","2":"type-post","3":"status-publish","4":"format-standard","5":"has-post-thumbnail","7":"category-strasbourg","8":"tag-actu","9":"tag-actualites","10":"tag-eu","11":"tag-europe","12":"tag-fr","13":"tag-france","14":"tag-grand-est","15":"tag-news","16":"tag-republique-francaise","17":"tag-sante-mentale","18":"tag-strasbourg"},"share_on_mastodon":{"url":"https:\/\/pubeurope.com\/@fr\/114812183265143481","error":""},"_links":{"self":[{"href":"https:\/\/www.europesays.com\/fr\/wp-json\/wp\/v2\/posts\/232710","targetHints":{"allow":["GET"]}}],"collection":[{"href":"https:\/\/www.europesays.com\/fr\/wp-json\/wp\/v2\/posts"}],"about":[{"href":"https:\/\/www.europesays.com\/fr\/wp-json\/wp\/v2\/types\/post"}],"author":[{"embeddable":true,"href":"https:\/\/www.europesays.com\/fr\/wp-json\/wp\/v2\/users\/2"}],"replies":[{"embeddable":true,"href":"https:\/\/www.europesays.com\/fr\/wp-json\/wp\/v2\/comments?post=232710"}],"version-history":[{"count":0,"href":"https:\/\/www.europesays.com\/fr\/wp-json\/wp\/v2\/posts\/232710\/revisions"}],"wp:featuredmedia":[{"embeddable":true,"href":"https:\/\/www.europesays.com\/fr\/wp-json\/wp\/v2\/media\/232711"}],"wp:attachment":[{"href":"https:\/\/www.europesays.com\/fr\/wp-json\/wp\/v2\/media?parent=232710"}],"wp:term":[{"taxonomy":"category","embeddable":true,"href":"https:\/\/www.europesays.com\/fr\/wp-json\/wp\/v2\/categories?post=232710"},{"taxonomy":"post_tag","embeddable":true,"href":"https:\/\/www.europesays.com\/fr\/wp-json\/wp\/v2\/tags?post=232710"}],"curies":[{"name":"wp","href":"https:\/\/api.w.org\/{rel}","templated":true}]}}