{"id":232718,"date":"2025-07-07T13:30:29","date_gmt":"2025-07-07T13:30:29","guid":{"rendered":"https:\/\/www.europesays.com\/fr\/232718\/"},"modified":"2025-07-07T13:30:29","modified_gmt":"2025-07-07T13:30:29","slug":"apres-le-dramatique-accident-de-la-route-en-loire-atlantique-la-petite-fille-hors-de-danger-2","status":"publish","type":"post","link":"https:\/\/www.europesays.com\/fr\/232718\/","title":{"rendered":"Apr\u00e8s le dramatique accident de la route en Loire-Atlantique, la petite fille hors de danger"},"content":{"rendered":"<tr wp_automatic_readability=\"3.90625\">\n<td valign=\"middle\" align=\"center\" class=\"col-logo\">\n    <img decoding=\"async\" src=\"https:\/\/www.europesays.com\/fr\/wp-content\/uploads\/2025\/04\/presse-ocean.gif\" alt=\"logo Presse-Oc\u00e9an\" height=\"66\"\/><\/p>\n<\/td>\n<td class=\"col-titre\">\n\t\t\tDimanche 06 juillet 2025 15:15<br \/>\n\t\t\t<a class=\"icon-bulle sizeL count\" href=\"#ancreAvis\"><br \/>\n\t&#8230;<br \/>\n<\/a><\/td>\n<\/tr>\n<p>\t\t<a class=\"mavillebox2 elmt-photo\" href=\"https:\/\/maville.com\/photosmvi\/2025\/07\/06\/P35339628D6888056G.jpg\" title=\" La fillette avait \u00e9t\u00e9 admise au CHU de Nantes.  \u00a9  Photo illustration Presse Oc\u00e9an-NB  &lt;!--TAG-BLC credit--&gt;\" rel=\"galerie_actu noopener\" target=\"_blank\"><br \/>\n\t<img decoding=\"async\" src=\"https:\/\/www.europesays.com\/fr\/wp-content\/uploads\/2025\/07\/P35339628D6888056G_crop_640-330_.jpg\" alt=\"photo  la fillette avait \u00e9t\u00e9 admise au chu de nantes.  \u00a9  photo illustration presse oc\u00e9an-nb \"\/><br \/>\n\t1<br \/>\n<\/a><\/p>\n<p class=\"elmt-legende\"> La fillette avait \u00e9t\u00e9 admise au CHU de Nantes.  \u00a9  Photo illustration Presse Oc\u00e9an-NB  <\/p>\n<p>\t\tDans la nuit du samedi 5 au dimanche 6 juillet 2025, un jeune homme de 20 ans a \u00e9t\u00e9 tu\u00e9 dans un violent choc frontal, \u00e0 Pontch\u00e2teau. Une fillette avait \u00e9t\u00e9 transport\u00e9e au CHU de Nantes en urgence absolue. Elle est hors de danger.<\/p>\n<p><b>Cet article est r\u00e9serv\u00e9 aux abonn\u00e9s<\/b><\/p>\n<p>Pour un acc\u00e8s imm\u00e9diat, abonnez-vous<\/p>\n<p><b>1\u00e8re semaine offerte<\/b><\/p>\n<p>\t\t Presse Oc\u00e9an \u00a0\u00a0<br \/>\n\t\tPresse-Oc\u00e9an<\/p>\n<p>Retrouvez d&rsquo;autres actus sur les communes de :<\/p>\n<p>\t\t&#13;<\/p>\n","protected":false},"excerpt":{"rendered":"Dimanche 06 juillet 2025 15:15 &#8230; 1 La fillette avait \u00e9t\u00e9 admise au CHU de Nantes. \u00a9 Photo&hellip;\n","protected":false},"author":2,"featured_media":231727,"comment_status":"","ping_status":"","sticky":false,"template":"","format":"standard","meta":{"footnotes":""},"categories":[2818],"tags":[119,1111,11,4511,37071,1777,674,195,1011,27,3047,766,12,2636,2044,25,209],"class_list":{"0":"post-232718","1":"post","2":"type-post","3":"status-publish","4":"format-standard","5":"has-post-thumbnail","7":"category-nantes","8":"tag-accident","9":"tag-actu","10":"tag-actualites","11":"tag-danger","12":"tag-dramatique","13":"tag-eu","14":"tag-europe","15":"tag-fille","16":"tag-fr","17":"tag-france","18":"tag-loire-atlantique","19":"tag-nantes","20":"tag-news","21":"tag-pays-de-la-loire","22":"tag-petite","23":"tag-republique-francaise","24":"tag-route"},"share_on_mastodon":{"url":"https:\/\/pubeurope.com\/@fr\/114812199005742406","error":""},"_links":{"self":[{"href":"https:\/\/www.europesays.com\/fr\/wp-json\/wp\/v2\/posts\/232718","targetHints":{"allow":["GET"]}}],"collection":[{"href":"https:\/\/www.europesays.com\/fr\/wp-json\/wp\/v2\/posts"}],"about":[{"href":"https:\/\/www.europesays.com\/fr\/wp-json\/wp\/v2\/types\/post"}],"author":[{"embeddable":true,"href":"https:\/\/www.europesays.com\/fr\/wp-json\/wp\/v2\/users\/2"}],"replies":[{"embeddable":true,"href":"https:\/\/www.europesays.com\/fr\/wp-json\/wp\/v2\/comments?post=232718"}],"version-history":[{"count":0,"href":"https:\/\/www.europesays.com\/fr\/wp-json\/wp\/v2\/posts\/232718\/revisions"}],"wp:featuredmedia":[{"embeddable":true,"href":"https:\/\/www.europesays.com\/fr\/wp-json\/wp\/v2\/media\/231727"}],"wp:attachment":[{"href":"https:\/\/www.europesays.com\/fr\/wp-json\/wp\/v2\/media?parent=232718"}],"wp:term":[{"taxonomy":"category","embeddable":true,"href":"https:\/\/www.europesays.com\/fr\/wp-json\/wp\/v2\/categories?post=232718"},{"taxonomy":"post_tag","embeddable":true,"href":"https:\/\/www.europesays.com\/fr\/wp-json\/wp\/v2\/tags?post=232718"}],"curies":[{"name":"wp","href":"https:\/\/api.w.org\/{rel}","templated":true}]}}