{"id":23272,"date":"2025-04-13T23:31:08","date_gmt":"2025-04-13T23:31:08","guid":{"rendered":"https:\/\/www.europesays.com\/fr\/23272\/"},"modified":"2025-04-13T23:31:08","modified_gmt":"2025-04-13T23:31:08","slug":"kevin-owens-revele-que-cest-triple-h-qui-a-eu-lidee-de-lattaque-sur-cody-rhodes-a-bad-blood","status":"publish","type":"post","link":"https:\/\/www.europesays.com\/fr\/23272\/","title":{"rendered":"Kevin Owens r\u00e9v\u00e8le que c&rsquo;est Triple H qui a eu l&rsquo;id\u00e9e de l&rsquo;attaque sur Cody Rhodes \u00e0 Bad Blood"},"content":{"rendered":"<p>\u00a0<\/p>\n<p style=\"text-align: justify;\">R\u00e9cemment interview\u00e9 par Chris Van Vliet, Kevin Owens est revenu sur la vid\u00e9o virale de son attaque sur Cody Rhodes apr\u00e8s Bad Blood. L\u2019attaque, film\u00e9e par des fans sur le parking, avait beaucoup fait parler, mais Kevin Owens avoue qu\u2019il n\u2019y croyait pas vraiment au d\u00e9part.<\/p>\n<p>Kevin Owens nous dit :<\/p>\n<blockquote><p>&#13;<\/p>\n<p style=\"text-align: justify;\"><strong>\u00ab\u00a0C&rsquo;\u00e9tait une id\u00e9e de Triple H. Il \u00e9tait confiant \u00e0 l&rsquo;id\u00e9e de le faire de cette mani\u00e8re, pas vraiment moi. Est-ce qu&rsquo;il y aura assez de personnes ici ? Il avait raison au final, il y avait des personnes. C&rsquo;est une autre mani\u00e8re de raconter les histoires et il a une mentalit\u00e9 diff\u00e9rente de celle de Vince [McMahon].<\/strong><\/p>\n<p>&#13;<\/p>\n<p>&#13;<\/p>\n<p style=\"text-align: justify;\"><strong>Avec Randy [Orton], c&rsquo;\u00e9tait \u00e0 la t\u00e9l\u00e9, mais c&rsquo;\u00e9tait fait diff\u00e9remment. T&rsquo;as vu la fin \u00e0 la t\u00e9l\u00e9 puis ils ont diffus\u00e9 les images de s\u00e9curit\u00e9. Il veut raconter des histoires diff\u00e9remment, pr\u00eat \u00e0 essayer des choses pour voir ce qui fonctionne. Je pense que c&rsquo;est ce qui rend le show plus int\u00e9ressant.<\/strong><\/p>\n<p>&#13;<\/p>\n<p style=\"text-align: justify;\"><strong>\u00c7a ne veut pas dire que \u00e7a va toujours fonctionner, il y aura des moments o\u00f9 \u00e7a ne fonctionnera pas, mais \u00e7a essaie diff\u00e9rentes choses et je pense que c&rsquo;est tr\u00e8s important dans le catch. Si \u00e7a devient r\u00e9p\u00e9titif, peu importe \u00e0 quel point les matchs et les promos sont bons, si t&rsquo;as l&rsquo;impression d&rsquo;avoir d\u00e9j\u00e0 vu \u00e7a, tu vas te dire que tu l&rsquo;as d\u00e9j\u00e0 vu.\u00a0\u00bb<\/strong><\/p>\n<p>&#13;\n<\/p><\/blockquote>\n<p>\u00a0<\/p>\n<\/p>\n<p>\u00a0<\/p>\n<p style=\"text-align: right;\">Cr\u00e9dit photo : WWE<\/p>\n","protected":false},"excerpt":{"rendered":"\u00a0 R\u00e9cemment interview\u00e9 par Chris Van Vliet, Kevin Owens est revenu sur la vid\u00e9o virale de son attaque&hellip;\n","protected":false},"author":2,"featured_media":23273,"comment_status":"","ping_status":"","sticky":false,"template":"","format":"standard","meta":{"footnotes":""},"categories":[1586],"tags":[47,11,1777,674,1779,1011,27,12,2043,2054,2055,2052,25,2057,2058,2053,2059,1778,364,2056,2051],"class_list":{"0":"post-23272","1":"post","2":"type-post","3":"status-publish","4":"format-standard","5":"has-post-thumbnail","7":"category-europe","8":"tag-actualite","9":"tag-actualites","10":"tag-eu","11":"tag-europe","12":"tag-european-union","13":"tag-fr","14":"tag-france","15":"tag-news","16":"tag-nouvelle","17":"tag-nxt","18":"tag-ppv","19":"tag-raw","20":"tag-republique-francaise","21":"tag-royal","22":"tag-rumble","23":"tag-smackdown","24":"tag-summerslam","25":"tag-ue","26":"tag-union-europeenne","27":"tag-wrestlemania","28":"tag-wwe"},"share_on_mastodon":{"url":"https:\/\/pubeurope.com\/@fr\/114333265673261517","error":""},"_links":{"self":[{"href":"https:\/\/www.europesays.com\/fr\/wp-json\/wp\/v2\/posts\/23272","targetHints":{"allow":["GET"]}}],"collection":[{"href":"https:\/\/www.europesays.com\/fr\/wp-json\/wp\/v2\/posts"}],"about":[{"href":"https:\/\/www.europesays.com\/fr\/wp-json\/wp\/v2\/types\/post"}],"author":[{"embeddable":true,"href":"https:\/\/www.europesays.com\/fr\/wp-json\/wp\/v2\/users\/2"}],"replies":[{"embeddable":true,"href":"https:\/\/www.europesays.com\/fr\/wp-json\/wp\/v2\/comments?post=23272"}],"version-history":[{"count":0,"href":"https:\/\/www.europesays.com\/fr\/wp-json\/wp\/v2\/posts\/23272\/revisions"}],"wp:featuredmedia":[{"embeddable":true,"href":"https:\/\/www.europesays.com\/fr\/wp-json\/wp\/v2\/media\/23273"}],"wp:attachment":[{"href":"https:\/\/www.europesays.com\/fr\/wp-json\/wp\/v2\/media?parent=23272"}],"wp:term":[{"taxonomy":"category","embeddable":true,"href":"https:\/\/www.europesays.com\/fr\/wp-json\/wp\/v2\/categories?post=23272"},{"taxonomy":"post_tag","embeddable":true,"href":"https:\/\/www.europesays.com\/fr\/wp-json\/wp\/v2\/tags?post=23272"}],"curies":[{"name":"wp","href":"https:\/\/api.w.org\/{rel}","templated":true}]}}