{"id":232725,"date":"2025-07-07T13:35:09","date_gmt":"2025-07-07T13:35:09","guid":{"rendered":"https:\/\/www.europesays.com\/fr\/232725\/"},"modified":"2025-07-07T13:35:09","modified_gmt":"2025-07-07T13:35:09","slug":"antoine-dupont-quitte-toulouse-la-folie-a-plusieurs-millions-deuros-2","status":"publish","type":"post","link":"https:\/\/www.europesays.com\/fr\/232725\/","title":{"rendered":"Antoine Dupont quitte Toulouse, la folie \u00e0 plusieurs millions d\u2019euros\u00a0!"},"content":{"rendered":"<p class=\"heading\">Toujours convalescent apr\u00e8s sa grave blessure au genou survenue en mars dernier pendant le Tournoi des VI Nations, Antoine Dupont ne se prive toutefois pas de faire des folies&#8230; dans l\u2019immobilier\u00a0! En qu\u00eate de tranquillit\u00e9, le demi de m\u00eal\u00e9e de 28 ans s\u2019est offert une somptueuse villa en Gironde.<\/p>\n<p><a href=\"https:\/\/le10sport.com\/rugby\/antoine-dupont-xv-de-france-le-calvaire-est-annonce-749625\" rel=\"nofollow noopener\" target=\"_blank\">Antoine Dupont<\/a> va devoir patienter encore un peu pour pouvoir rejouer au rugby. Gravement bless\u00e9 au genou pendant le <strong>Tournoi des VI Nations<\/strong> qu\u2019il disputait avec le <strong>XV de France<\/strong>, le demi de m\u00eal\u00e9e de 28 ans ne devrait pas faire son retour avant le mois de novembre. En attendant, la star du <strong>Stade toulousain<\/strong> ne se prive pas de faire quelques folies&#8230; dans l\u2019immobilier\u00a0! <strong>Antoine Dupont<\/strong> n\u2019aurait en effet pas l\u00e9sin\u00e9 sur les moyens pour s\u2019offrir une nouvelle villa.<\/p>\n<p>                                            Antoine Dupont d\u00e9m\u00e9nage en Gironde !<\/p>\n<p>Comme le rapporte Newsly, le capitaine du<strong> XV de France<\/strong> a quitt\u00e9 <strong>Toulouse<\/strong> pour s\u2019installer en <strong>Gironde<\/strong>, dans le quartier du <strong>Pyla<\/strong> \u00e0 <strong>La Teste-de-Buch<\/strong>. En qu\u00eate de tranquillit\u00e9, le joueur du Stade toulousain a fait construire une somptueuse propri\u00e9t\u00e9, qui couvre une superficie de 310 m\u00e8tres carr\u00e9s.<strong> Antoine Dupont<\/strong> a bien choisi l\u2019emplacement, puisqu\u2019il a une vue imprenable sur le bassin d\u2019Arcachon. \u00c0 cela, il faut ajouter une piscine et une proximit\u00e9 imm\u00e9diate des plages. Pour s\u2019offrir un tel havre de paix, le demi de m\u00eal\u00e9e a d\u00e9bours\u00e9 plusieurs millions d\u2019euros.<\/p>\n<p>                                            Un transfert du Stade toulousain totalement \u00e9cart\u00e9<\/p>\n<p>Cette installation n\u2019a toutefois rien \u00e0 voir avec un potentiel transfert, <strong>Antoine Dupont<\/strong> restant fid\u00e8le au <strong>Stade toulousain<\/strong>. Ce choix r\u00e9side plut\u00f4t dans une recherche d\u2019une meilleure qualit\u00e9 de vie. Les supporters des Rouge-et-Noir n\u2019ont donc pas de quoi paniquer. <strong>Antoine Dupont<\/strong> \u00e9voluera encore sous les ordres d\u2019<strong>Ugo Mola<\/strong> lorsqu\u2019il sera remis de sa blessure au genou. Son retour est d\u2019ailleurs attendu avec impatience. Pour patienter, le demi de m\u00eal\u00e9e va pouvoir profiter de sa magnifique demeure.<\/p>\n","protected":false},"excerpt":{"rendered":"Toujours convalescent apr\u00e8s sa grave blessure au genou survenue en mars dernier pendant le Tournoi des VI Nations,&hellip;\n","protected":false},"author":2,"featured_media":232726,"comment_status":"","ping_status":"","sticky":false,"template":"","format":"standard","meta":{"footnotes":""},"categories":[2816],"tags":[1111,11,1777,674,1011,27,12,2680,25,2312],"class_list":{"0":"post-232725","1":"post","2":"type-post","3":"status-publish","4":"format-standard","5":"has-post-thumbnail","7":"category-toulouse","8":"tag-actu","9":"tag-actualites","10":"tag-eu","11":"tag-europe","12":"tag-fr","13":"tag-france","14":"tag-news","15":"tag-occitanie","16":"tag-republique-francaise","17":"tag-toulouse"},"share_on_mastodon":{"url":"https:\/\/pubeurope.com\/@fr\/114812218597636728","error":""},"_links":{"self":[{"href":"https:\/\/www.europesays.com\/fr\/wp-json\/wp\/v2\/posts\/232725","targetHints":{"allow":["GET"]}}],"collection":[{"href":"https:\/\/www.europesays.com\/fr\/wp-json\/wp\/v2\/posts"}],"about":[{"href":"https:\/\/www.europesays.com\/fr\/wp-json\/wp\/v2\/types\/post"}],"author":[{"embeddable":true,"href":"https:\/\/www.europesays.com\/fr\/wp-json\/wp\/v2\/users\/2"}],"replies":[{"embeddable":true,"href":"https:\/\/www.europesays.com\/fr\/wp-json\/wp\/v2\/comments?post=232725"}],"version-history":[{"count":0,"href":"https:\/\/www.europesays.com\/fr\/wp-json\/wp\/v2\/posts\/232725\/revisions"}],"wp:featuredmedia":[{"embeddable":true,"href":"https:\/\/www.europesays.com\/fr\/wp-json\/wp\/v2\/media\/232726"}],"wp:attachment":[{"href":"https:\/\/www.europesays.com\/fr\/wp-json\/wp\/v2\/media?parent=232725"}],"wp:term":[{"taxonomy":"category","embeddable":true,"href":"https:\/\/www.europesays.com\/fr\/wp-json\/wp\/v2\/categories?post=232725"},{"taxonomy":"post_tag","embeddable":true,"href":"https:\/\/www.europesays.com\/fr\/wp-json\/wp\/v2\/tags?post=232725"}],"curies":[{"name":"wp","href":"https:\/\/api.w.org\/{rel}","templated":true}]}}