{"id":232727,"date":"2025-07-07T13:36:11","date_gmt":"2025-07-07T13:36:11","guid":{"rendered":"https:\/\/www.europesays.com\/fr\/232727\/"},"modified":"2025-07-07T13:36:11","modified_gmt":"2025-07-07T13:36:11","slug":"je-veux-realiser-mes-reves-denfant","status":"publish","type":"post","link":"https:\/\/www.europesays.com\/fr\/232727\/","title":{"rendered":"\u00ab Je veux r\u00e9aliser mes r\u00eaves d\u2019enfant \u00bb"},"content":{"rendered":"<p>            Par<br \/>\n        <strong><br \/>\n            <a href=\"https:\/\/actu.fr\/auteur\/amandine-vachez\" title=\"Consulter tous les articles de Amandine Vachez\" target=\"_blank\" rel=\"noopener\">Amandine Vachez<\/a><br \/>\n        <\/strong><\/p>\n<p>        Publi\u00e9 le<\/p>\n<p>            7 juil. 2025 \u00e0 10h32        <\/p>\n<p>Les pontes de la brique color\u00e9e devraient vous r\u00e9server de belles surprises. Une nouvelle \u00e9dition de <a href=\"https:\/\/www.m6.fr\/lego-masters-p_21195\" target=\"_blank\" rel=\"noopener\">Lego Masters<\/a> s\u2019ouvre ce <b>lundi\u00a07 juillet 2025<\/b> sur la<b> cha\u00eene M6\u2009<\/b>! Un des candidats de l\u2019\u00e9mission de <a href=\"https:\/\/actu.fr\/tag\/television\" target=\"_blank\" rel=\"noopener\">t\u00e9l\u00e9vision<\/a> \u00e0 succ\u00e8s est originaire de la m\u00e9tropole de <a href=\"https:\/\/actu.fr\/lille\/\" target=\"_blank\" rel=\"noopener\">Lille<\/a> (Nord). Arthur, <b>\u00e9tudiant \u00e0 Tourcoing<\/b>, est passionn\u00e9 des petites briques color\u00e9es, et de cin\u00e9ma. Dans un entretien accord\u00e9 \u00e0 Lille actu, il se pr\u00e9sente et \u00e9voque cette exp\u00e9rience particuli\u00e8re.<\/p>\n<p>Deux passions tr\u00e8s li\u00e9es<\/p>\n<p class=\" wall-content\">Arthur a, aussi loin qu\u2019il s\u2019en souvienne, toujours aim\u00e9 jouer avec les Lego\u00ae. \u00ab\u2009\u00c7a remonte \u00e0 loin\u2009! Depuis tout petit, j\u2019adore cr\u00e9er des histoires. J\u2019\u00e9tais un gamin tr\u00e8s cr\u00e9atif.\u2009\u00bb Tr\u00e8s t\u00f4t, il a cr\u00e9\u00e9 des univers qu\u2019il a enregistr\u00e9s pour faire des films en stop motion. Arthur a d\u2019ailleurs une cha\u00eene YouTube, sous le nom d\u2019<a href=\"https:\/\/www.youtube.com\/@arthurproductionlevrai\" target=\"_blank\" rel=\"noopener\">Artur<\/a>, tout simplement.<\/p>\n<p class=\" wall-content\">\u00c0 c\u00f4t\u00e9 de son int\u00e9r\u00eat pour les briques color\u00e9es, Arthur est un fan de cin\u00e9ma. Il est d\u2019ailleurs \u00e9tudiant dans le domaine, dans une nouvelle \u00e9cole, <a href=\"https:\/\/vingtquatre.school\/\" target=\"_blank\" rel=\"noopener\">l\u2019\u00c9cole 24, \u00e0 la Plaine Images de Tourcoing<\/a>. \u00ab\u2009Je fais partie de la premi\u00e8re promotion, annonce-t-il fi\u00e8rement.\u2009Je peux exp\u00e9rimenter des choses, mes deux passions sont tr\u00e8s li\u00e9es.\u2009\u00bb<\/p>\n<blockquote class=\"ac-article-quote wall-content\">\n<p>\u00ab\u2009Je m\u2019int\u00e9resse \u00e0 plein de choses, je me consid\u00e8re comme un artiste. Je veux r\u00e9aliser mes r\u00eaves d\u2019enfant\u2009!\u2009\u00bb<\/p>\n<\/blockquote>\n<p class=\" wall-content\">L\u2019\u00e9mission Lego Masters, il la conna\u00eet, \u00e9videmment. Mais s\u2019il a particip\u00e9, c\u2019est un peu \u00ab\u2009par hasard. On m\u2019a contact\u00e9. De moi-m\u00eame je pense que je n\u2019aurais jamais os\u00e9 postuler. Je me suis dit sur le coup, \u2018OK pourquoi pas, \u00e7a doit \u00eatre incroyable\u2009!\u2019\u00bb<\/p>\n<p class=\" wall-content\">S\u2019il ne peut rien r\u00e9v\u00e9ler sur le contenu de l\u2019\u00e9mission, il nous confie qu\u2019il est \u00ab\u2009tr\u00e8s content d\u2019avoir particip\u00e9\u2009\u00bb.\u00a0<\/p>\n<p class=\" wall-content\">\n<p>Un duo de \u00ab\u2009fanas du cin\u00e9\u2009\u00bb\u2026 qui ne se connaissaient pas\u2009!<br \/>\n    <img   decoding=\"async\" loading=\"lazy\" class=\"size-large\" src=\"https:\/\/www.europesays.com\/fr\/wp-content\/uploads\/2025\/07\/8975ddb08b6866d75ddb08b682185dv-960x640.jpg\" alt=\"Pierre et Arthur forment un duo de choc, \" les=\"\" fanas=\"\" du=\"\" cin=\"\" width=\"960\" height=\"640\"\/><br \/>\n    Pierre et Arthur forment un duo de choc, \u00ab\u2009les fanas du cin\u00e9ma\u2009\u00bb. \u00a9Laura Gilli \/ M6<\/p>\n<p class=\" wall-content\">Arthur \u00e9tait en duo avec Pierre, 25 ans, free-lance dans les effets sp\u00e9ciaux, originaire de Vend\u00e9e. Les deux pr\u00e9sent\u00e9s par la production comme \u00ab\u2009fanas de cin\u00e9ma\u2009\u00bb ne se connaissaient pas, du moins pas directement. \u00ab\u2009Seulement de loin. Il a aussi une cha\u00eene YouTube. Le monde du Lego sur YouTube, c\u2019est un petit monde\u2009\u00bb, sourit Arthur. Ils ont d\u00fb apprendre \u00e0 travailler ensemble rapidement pour briller sur le plateau.<\/p>\n<p>\u00ab\u2009C\u2019\u00e9tait vite tr\u00e8s amusant\u2009\u00bb<\/p>\n<p class=\" wall-content\">Arthur avait, avant le tournage, une petite appr\u00e9hension. \u00ab\u2009Je me suis mis une petite pression. Mais sur le plateau, il y avait vraiment une ambiance bon enfant. On nous met \u00e0 l\u2019aise. C\u2019\u00e9tait tr\u00e8s vite amusant\u2009!\u2009\u00bb<\/p>\n<p class=\" wall-content\">Rendez-vous d\u00e8s ce lundi 7 juillet 2025 \u00e0 21h10 sur M6 pour voir cette \u00e9dition de Lego Masters.<\/p>\n<p class=\" wall-content\">Suivez toute l\u2019actualit\u00e9 de vos villes et m\u00e9dias favoris en vous inscrivant \u00e0 <a href=\"https:\/\/moncompte.actu.fr\" title=\"D\u00e9couvez Mon Actu\" rel=\"nofollow noopener\" data-trk=\"{&quot;cta&quot;:{&quot;action&quot;:&quot;https:\\\/\\\/moncompte.actu.fr&quot;,&quot;category&quot;:&quot;mon compte&quot;,&quot;from&quot;:&quot;article footer&quot;,&quot;name&quot;:&quot;Mon actu&quot;,&quot;type&quot;:&quot;cta&quot;}}\" target=\"_blank\">Mon Actu<\/a>.<\/p>\n","protected":false},"excerpt":{"rendered":"Par Amandine Vachez Publi\u00e9 le 7 juil. 2025 \u00e0 10h32 Les pontes de la brique color\u00e9e devraient vous&hellip;\n","protected":false},"author":2,"featured_media":232728,"comment_status":"","ping_status":"","sticky":false,"template":"","format":"standard","meta":{"footnotes":""},"categories":[2815],"tags":[1111,11,1777,674,1011,27,811,1307,1652,12,9026,25,252],"class_list":{"0":"post-232727","1":"post","2":"type-post","3":"status-publish","4":"format-standard","5":"has-post-thumbnail","7":"category-lille","8":"tag-actu","9":"tag-actualites","10":"tag-eu","11":"tag-europe","12":"tag-fr","13":"tag-france","14":"tag-hauts-de-france","15":"tag-lille","16":"tag-loisirs-culture","17":"tag-news","18":"tag-portrait","19":"tag-republique-francaise","20":"tag-television"},"share_on_mastodon":{"url":"https:\/\/pubeurope.com\/@fr\/114812222469896487","error":""},"_links":{"self":[{"href":"https:\/\/www.europesays.com\/fr\/wp-json\/wp\/v2\/posts\/232727","targetHints":{"allow":["GET"]}}],"collection":[{"href":"https:\/\/www.europesays.com\/fr\/wp-json\/wp\/v2\/posts"}],"about":[{"href":"https:\/\/www.europesays.com\/fr\/wp-json\/wp\/v2\/types\/post"}],"author":[{"embeddable":true,"href":"https:\/\/www.europesays.com\/fr\/wp-json\/wp\/v2\/users\/2"}],"replies":[{"embeddable":true,"href":"https:\/\/www.europesays.com\/fr\/wp-json\/wp\/v2\/comments?post=232727"}],"version-history":[{"count":0,"href":"https:\/\/www.europesays.com\/fr\/wp-json\/wp\/v2\/posts\/232727\/revisions"}],"wp:featuredmedia":[{"embeddable":true,"href":"https:\/\/www.europesays.com\/fr\/wp-json\/wp\/v2\/media\/232728"}],"wp:attachment":[{"href":"https:\/\/www.europesays.com\/fr\/wp-json\/wp\/v2\/media?parent=232727"}],"wp:term":[{"taxonomy":"category","embeddable":true,"href":"https:\/\/www.europesays.com\/fr\/wp-json\/wp\/v2\/categories?post=232727"},{"taxonomy":"post_tag","embeddable":true,"href":"https:\/\/www.europesays.com\/fr\/wp-json\/wp\/v2\/tags?post=232727"}],"curies":[{"name":"wp","href":"https:\/\/api.w.org\/{rel}","templated":true}]}}