{"id":232733,"date":"2025-07-07T13:39:10","date_gmt":"2025-07-07T13:39:10","guid":{"rendered":"https:\/\/www.europesays.com\/fr\/232733\/"},"modified":"2025-07-07T13:39:10","modified_gmt":"2025-07-07T13:39:10","slug":"municipales-2026-payan-delogu-la-bataille-de-marseille-est-lancee","status":"publish","type":"post","link":"https:\/\/www.europesays.com\/fr\/232733\/","title":{"rendered":"Municipales\u00a02026 : Payan, Delogu&#8230; la bataille de Marseille est lanc\u00e9e"},"content":{"rendered":"<p class=\"paragraph text_align_left lp-f-body-02\">Qui s\u2019installera, en mars 2026, dans le bureau \u00e0 l\u2019imprenable vue sur le Vieux-Port ? S\u2019il n\u2019a pas encore annonc\u00e9 vouloir rempiler, aucun doute que le maire sortant (ex-PS devenu divers gauche), Beno\u00eet Payan, sera candidat \u00e0 sa succession.<\/p>\n<p class=\"paragraph text_align_left lp-f-body-02\">Mais la bataille pour la mairie de Marseille s\u2019annonce f\u00e9roce, alors que les derni\u00e8res l\u00e9gislatives ont boost\u00e9 la gauche, confirm\u00e9 la perc\u00e9e du RN et totalement effac\u00e9 le camp pr\u00e9sidentiel de la carte.<a href=\"https:\/\/www.leparisien.fr\/elections\/municipales\/loi-paris-lyon-marseille-dans-la-capitale-la-gauche-vent-debout-contre-le-passage-en-force-du-gouvernement-24-06-2025-JC4QTLUNHJCSZKK2CK4XLLPXYM.php\" target=\"_blank\" rel=\"noreferrer nofollow noopener\"> La r\u00e9forme du scrutin Paris-Lyon-Marseille<\/a>, discut\u00e9e ce lundi \u00e0 l\u2019Assembl\u00e9e nationale, pourrait \u00e9galement chambouler les pronostics.<\/p>\n","protected":false},"excerpt":{"rendered":"Qui s\u2019installera, en mars 2026, dans le bureau \u00e0 l\u2019imprenable vue sur le Vieux-Port ? S\u2019il n\u2019a pas&hellip;\n","protected":false},"author":2,"featured_media":232734,"comment_status":"","ping_status":"","sticky":false,"template":"","format":"standard","meta":{"footnotes":""},"categories":[2814],"tags":[1111,11,5949,1777,674,1011,27,884,3554,12,316,882,25],"class_list":{"0":"post-232733","1":"post","2":"type-post","3":"status-publish","4":"format-standard","5":"has-post-thumbnail","7":"category-marseille","8":"tag-actu","9":"tag-actualites","10":"tag-elections","11":"tag-eu","12":"tag-europe","13":"tag-fr","14":"tag-france","15":"tag-marseille","16":"tag-municipales","17":"tag-news","18":"tag-politique","19":"tag-provence-alpes-cote-dazur","20":"tag-republique-francaise"},"share_on_mastodon":{"url":"https:\/\/pubeurope.com\/@fr\/114812234211654920","error":""},"_links":{"self":[{"href":"https:\/\/www.europesays.com\/fr\/wp-json\/wp\/v2\/posts\/232733","targetHints":{"allow":["GET"]}}],"collection":[{"href":"https:\/\/www.europesays.com\/fr\/wp-json\/wp\/v2\/posts"}],"about":[{"href":"https:\/\/www.europesays.com\/fr\/wp-json\/wp\/v2\/types\/post"}],"author":[{"embeddable":true,"href":"https:\/\/www.europesays.com\/fr\/wp-json\/wp\/v2\/users\/2"}],"replies":[{"embeddable":true,"href":"https:\/\/www.europesays.com\/fr\/wp-json\/wp\/v2\/comments?post=232733"}],"version-history":[{"count":0,"href":"https:\/\/www.europesays.com\/fr\/wp-json\/wp\/v2\/posts\/232733\/revisions"}],"wp:featuredmedia":[{"embeddable":true,"href":"https:\/\/www.europesays.com\/fr\/wp-json\/wp\/v2\/media\/232734"}],"wp:attachment":[{"href":"https:\/\/www.europesays.com\/fr\/wp-json\/wp\/v2\/media?parent=232733"}],"wp:term":[{"taxonomy":"category","embeddable":true,"href":"https:\/\/www.europesays.com\/fr\/wp-json\/wp\/v2\/categories?post=232733"},{"taxonomy":"post_tag","embeddable":true,"href":"https:\/\/www.europesays.com\/fr\/wp-json\/wp\/v2\/tags?post=232733"}],"curies":[{"name":"wp","href":"https:\/\/api.w.org\/{rel}","templated":true}]}}