{"id":232735,"date":"2025-07-07T13:40:09","date_gmt":"2025-07-07T13:40:09","guid":{"rendered":"https:\/\/www.europesays.com\/fr\/232735\/"},"modified":"2025-07-07T13:40:09","modified_gmt":"2025-07-07T13:40:09","slug":"un-panache-de-fumee-visible-dans-lagglomeration","status":"publish","type":"post","link":"https:\/\/www.europesays.com\/fr\/232735\/","title":{"rendered":"un panache de fum\u00e9e visible dans l&rsquo;agglom\u00e9ration"},"content":{"rendered":"<p itemprop=\"description\"><strong>Ce lundi \u00e0 la mi-journ\u00e9e, un important incendie s&rsquo;est d\u00e9clar\u00e9 au sein de l&rsquo;entreprise Soci\u00e9t\u00e9 Lyonnaise de Photogravure \u00e0 Chassieu.<\/strong><\/p>\n<p><strong>Mise \u00e0 Jour 14h25 : <\/strong>Le feu de de copeaux de magn\u00e9sium est actuellement circonscrit.<strong> <\/strong>La pr\u00e9fecture du Rh\u00f4ne pr\u00e9cise que \u00ab\u00a0les fum\u00e9es ont \u00e9galement diminu\u00e9. Selon les premi\u00e8res analyses r\u00e9alis\u00e9es par les pompiers, aucune pollution atmosph\u00e9rique n\u2019est d\u00e9tect\u00e9e aux abords du site.\u00a0\u00bb<\/p>\n<p><strong>Article initial :\u00a0<\/strong>Le SDMIS a mobilis\u00e9 une soixantaine de pompiers et une vingtaine d&rsquo;engins pour tenter de venir \u00e0 bout du sinistre \u00e0 l&rsquo;origine encore inconnue.<br \/>Ce sont 140 personnes qui ont pu \u00eatre \u00e9vacu\u00e9es sur le site, pour l&rsquo;heure il y aurait au moins un bless\u00e9 grave.<\/p>\n<p>Un p\u00e9rim\u00e8tre de s\u00e9curit\u00e9 a \u00e9t\u00e9 \u00e9tabli autour de l&rsquo;entreprise situ\u00e9e rue Georges M\u00e9li\u00e8s. Il est conseill\u00e9 d&rsquo;\u00e9viter le secteur.<\/p>\n<p>Un important panache de fum\u00e9e est visible \u00e0 l&rsquo;Est de l&rsquo;agglom\u00e9ration lyonnaise. On ne connait pas encore son degr\u00e9 de pollution, des mesures de l&rsquo;air sont en cours.<\/p>\n","protected":false},"excerpt":{"rendered":"Ce lundi \u00e0 la mi-journ\u00e9e, un important incendie s&rsquo;est d\u00e9clar\u00e9 au sein de l&rsquo;entreprise Soci\u00e9t\u00e9 Lyonnaise de Photogravure&hellip;\n","protected":false},"author":2,"featured_media":232736,"comment_status":"","ping_status":"","sticky":false,"template":"","format":"standard","meta":{"footnotes":""},"categories":[1889],"tags":[1111,11,2813,2190,2430,1109,251,1112,2811,1777,674,118,1011,27,1922,1110,1114,2428,2810,12,241,316,25,2812,517,800],"class_list":{"0":"post-232735","1":"post","2":"type-post","3":"status-publish","4":"format-standard","5":"has-post-thumbnail","7":"category-lyon","8":"tag-actu","9":"tag-actualites","10":"tag-article","11":"tag-asvel","12":"tag-auvergne-rhone-alpes","13":"tag-breves","14":"tag-culture","15":"tag-depeches","16":"tag-economique","17":"tag-eu","18":"tag-europe","19":"tag-faits-divers","20":"tag-fr","21":"tag-france","22":"tag-info","23":"tag-informations","24":"tag-infos","25":"tag-lyon","26":"tag-lyonmag","27":"tag-news","28":"tag-ol","29":"tag-politique","30":"tag-republique-francaise","31":"tag-sociale","32":"tag-sport","33":"tag-transports"},"share_on_mastodon":{"url":"https:\/\/pubeurope.com\/@fr\/114812238104630778","error":""},"_links":{"self":[{"href":"https:\/\/www.europesays.com\/fr\/wp-json\/wp\/v2\/posts\/232735","targetHints":{"allow":["GET"]}}],"collection":[{"href":"https:\/\/www.europesays.com\/fr\/wp-json\/wp\/v2\/posts"}],"about":[{"href":"https:\/\/www.europesays.com\/fr\/wp-json\/wp\/v2\/types\/post"}],"author":[{"embeddable":true,"href":"https:\/\/www.europesays.com\/fr\/wp-json\/wp\/v2\/users\/2"}],"replies":[{"embeddable":true,"href":"https:\/\/www.europesays.com\/fr\/wp-json\/wp\/v2\/comments?post=232735"}],"version-history":[{"count":0,"href":"https:\/\/www.europesays.com\/fr\/wp-json\/wp\/v2\/posts\/232735\/revisions"}],"wp:featuredmedia":[{"embeddable":true,"href":"https:\/\/www.europesays.com\/fr\/wp-json\/wp\/v2\/media\/232736"}],"wp:attachment":[{"href":"https:\/\/www.europesays.com\/fr\/wp-json\/wp\/v2\/media?parent=232735"}],"wp:term":[{"taxonomy":"category","embeddable":true,"href":"https:\/\/www.europesays.com\/fr\/wp-json\/wp\/v2\/categories?post=232735"},{"taxonomy":"post_tag","embeddable":true,"href":"https:\/\/www.europesays.com\/fr\/wp-json\/wp\/v2\/tags?post=232735"}],"curies":[{"name":"wp","href":"https:\/\/api.w.org\/{rel}","templated":true}]}}