{"id":232741,"date":"2025-07-07T13:44:10","date_gmt":"2025-07-07T13:44:10","guid":{"rendered":"https:\/\/www.europesays.com\/fr\/232741\/"},"modified":"2025-07-07T13:44:10","modified_gmt":"2025-07-07T13:44:10","slug":"une-automobiliste-percute-une-barriere-devant-une-ecole-de-cherbourg-en-cotentin","status":"publish","type":"post","link":"https:\/\/www.europesays.com\/fr\/232741\/","title":{"rendered":"Une automobiliste percute une barri\u00e8re devant une \u00e9cole de Cherbourg-en-Cotentin"},"content":{"rendered":"<p>            Par<br \/>\n        <strong><br \/>\n            <a href=\"https:\/\/actu.fr\/auteur\/redaction-pressemanche\" title=\"Consulter tous les articles de R\u00e9daction La Presse de la Manche\" rel=\"nofollow noopener\" target=\"_blank\">R\u00e9daction La Presse de la Manche<\/a><br \/>\n        <\/strong><\/p>\n<p>        Publi\u00e9 le<\/p>\n<p>            7 juil. 2025 \u00e0 15h14        <\/p>\n<p>La sc\u00e8ne n\u2019est pas pass\u00e9e inaper\u00e7ue \u00e0 l\u2019heure de pointe dans ce quartier de <a href=\"https:\/\/actu.fr\/normandie\/cherbourg-en-cotentin_50129\" rel=\"nofollow noopener\" target=\"_blank\">Cherbourg-en-Cotentin<\/a> (<a href=\"https:\/\/actu.fr\/normandie\/manche_50\" rel=\"nofollow noopener\" target=\"_blank\">Manche<\/a>).<\/p>\n<p>Elle percute une barri\u00e8re<\/p>\n<p class=\" wall-content\">Heureusement, l\u2019accident qui s\u2019est produit<b> avenue de Paris<\/b> <b>ce lundi 7\u00a0juillet 2025<\/b>, vers 13\u00a0heures, n\u2019\u00e9tait <b>que mat\u00e9riel<\/b>. Une automobiliste a, en effet, percut\u00e9 une barri\u00e8re bleue situ\u00e9e devant l\u2019\u00e9cole Sainte-Marie-du-Roule.<\/p>\n<p class=\" wall-content\">Dans cet accident qui a bien ab\u00eem\u00e9 l\u2019avant de sa voiture, la conductrice d\u2019<b>une trentaine d\u2019ann\u00e9es <\/b>n\u2019a <b>pas \u00e9t\u00e9 bless\u00e9e.<\/b><\/p>\n<p class=\" wall-content\"><b>Trois policiers municipaux<\/b> ont s\u00e9curis\u00e9 les lieux jusqu\u2019en milieu d\u2019apr\u00e8s-midi, le temps que le v\u00e9hicule soit enlev\u00e9.<\/p>\n<p>    <a href=\"https:\/\/www.google.com\/maps\/embed?pb=!1m18!1m12!1m3!1d617.6949891182932!2d-1.6170687472287115!3d49.627307637711276!2m3!1f0!2f0!3f0!3m2!1i1024!2i768!4f13.1!3m3!1m2!1s0x480c9765697478b1%3A0x3626202dc511855e!2s%C3%89cole%20Sainte-Marie%20du%20Roule!5e1!3m2!1sfr!2sfr!4v1751892948256!5m2!1sfr!2sfr\" title=\"Ouvrie le lien\" rel=\"nofollow noopener\" target=\"_blank\">Cliquez ici pour visualiser le contenu<\/a><\/p>\n<p class=\" wall-content\">Suivez toute l\u2019actualit\u00e9 de vos villes et m\u00e9dias favoris en vous inscrivant \u00e0 <a href=\"https:\/\/moncompte.actu.fr\" title=\"D\u00e9couvez Mon Actu\" rel=\"nofollow noopener\" data-trk=\"{&quot;cta&quot;:{&quot;action&quot;:&quot;https:\\\/\\\/moncompte.actu.fr&quot;,&quot;category&quot;:&quot;mon compte&quot;,&quot;from&quot;:&quot;article footer&quot;,&quot;name&quot;:&quot;Mon actu&quot;,&quot;type&quot;:&quot;cta&quot;}}\" target=\"_blank\">Mon Actu<\/a>.<\/p>\n","protected":false},"excerpt":{"rendered":"Par R\u00e9daction La Presse de la Manche Publi\u00e9 le 7 juil. 2025 \u00e0 15h14 La sc\u00e8ne n\u2019est pas&hellip;\n","protected":false},"author":2,"featured_media":232742,"comment_status":"","ping_status":"","sticky":false,"template":"","format":"standard","meta":{"footnotes":""},"categories":[1888],"tags":[119,1111,1928,11,1927,3168,1777,674,118,1011,27,12,1926,626,1925,1072,25],"class_list":{"0":"post-232741","1":"post","2":"type-post","3":"status-publish","4":"format-standard","5":"has-post-thumbnail","7":"category-paris","8":"tag-accident","9":"tag-actu","10":"tag-actu-paris","11":"tag-actualites","12":"tag-actualites-paris","13":"tag-cotentin","14":"tag-eu","15":"tag-europe","16":"tag-faits-divers","17":"tag-fr","18":"tag-france","19":"tag-news","20":"tag-news-paris","21":"tag-paris","22":"tag-paris-news","23":"tag-police","24":"tag-republique-francaise"},"share_on_mastodon":{"url":"https:\/\/pubeurope.com\/@fr\/114812253900466656","error":""},"_links":{"self":[{"href":"https:\/\/www.europesays.com\/fr\/wp-json\/wp\/v2\/posts\/232741","targetHints":{"allow":["GET"]}}],"collection":[{"href":"https:\/\/www.europesays.com\/fr\/wp-json\/wp\/v2\/posts"}],"about":[{"href":"https:\/\/www.europesays.com\/fr\/wp-json\/wp\/v2\/types\/post"}],"author":[{"embeddable":true,"href":"https:\/\/www.europesays.com\/fr\/wp-json\/wp\/v2\/users\/2"}],"replies":[{"embeddable":true,"href":"https:\/\/www.europesays.com\/fr\/wp-json\/wp\/v2\/comments?post=232741"}],"version-history":[{"count":0,"href":"https:\/\/www.europesays.com\/fr\/wp-json\/wp\/v2\/posts\/232741\/revisions"}],"wp:featuredmedia":[{"embeddable":true,"href":"https:\/\/www.europesays.com\/fr\/wp-json\/wp\/v2\/media\/232742"}],"wp:attachment":[{"href":"https:\/\/www.europesays.com\/fr\/wp-json\/wp\/v2\/media?parent=232741"}],"wp:term":[{"taxonomy":"category","embeddable":true,"href":"https:\/\/www.europesays.com\/fr\/wp-json\/wp\/v2\/categories?post=232741"},{"taxonomy":"post_tag","embeddable":true,"href":"https:\/\/www.europesays.com\/fr\/wp-json\/wp\/v2\/tags?post=232741"}],"curies":[{"name":"wp","href":"https:\/\/api.w.org\/{rel}","templated":true}]}}