{"id":232743,"date":"2025-07-07T13:45:11","date_gmt":"2025-07-07T13:45:11","guid":{"rendered":"https:\/\/www.europesays.com\/fr\/232743\/"},"modified":"2025-07-07T13:45:11","modified_gmt":"2025-07-07T13:45:11","slug":"paris-rouvre-officiellement-trois-zones-apres-100-ans-dinterdiction","status":"publish","type":"post","link":"https:\/\/www.europesays.com\/fr\/232743\/","title":{"rendered":"Paris rouvre officiellement trois zones apr\u00e8s 100 ans d\u2019interdiction"},"content":{"rendered":"<p data-start=\"107\" data-end=\"657\">C\u2019est une image que l\u2019on croyait r\u00e9serv\u00e9e aux cartes postales d\u2019un autre si\u00e8cle : ce week-end, apr\u00e8s plus de cent ans d\u2019interdiction, <a href=\"https:\/\/www.timeout.fr\/paris\/actualites\/baignade-dans-la-seine-ce-que-vous-devez-savoir-avant-de-plonger-061625\" target=\"_blank\" rel=\"noopener\">la Seine a officiellement rouvert \u00e0 la baignade<\/a>. Trois zones ont \u00e9t\u00e9 inaugur\u00e9es \u2013 le Bras Marie, le Bras de Grenelle et Bercy \u2013 \u00e9quip\u00e9es de cabines pour se changer, de douches, de mobilier de plage, et pr\u00eates \u00e0 accueillir entre 150 et 300 nageurs chacune. \u00ab C\u2019est un r\u00eave d\u2019enfant de voir des gens <a href=\"https:\/\/www.timeout.fr\/paris\/actualites\/lieux-baignades-paris-seine-marne-ete-2025-012225\" target=\"_blank\" rel=\"noopener\">se baigner dans la Seine<\/a> \u00bb, s\u2019est \u00e9mue la maire de Paris, Anne Hidalgo. \u00ab Regardez comme tout le monde est heureux ! \u00bb<\/p>\n<p data-start=\"659\" data-end=\"1177\">Ce moment historique est l\u2019aboutissement d\u2019un projet colossal de r\u00e9habilitation lanc\u00e9 en 2018, dans la perspective des Jeux olympiques de Paris 2024. Objectif : rendre au fleuve une qualit\u00e9 d\u2019eau compatible avec la baignade. Et les r\u00e9sultats sont l\u00e0. L\u2019eau, moins trouble, voit r\u00e9appara\u00eetre des poissons. Deux bact\u00e9ries \u2013 Escherichia coli et ent\u00e9rocoques \u2013 sont scrut\u00e9es quotidiennement, et leurs taux actuels sont largement en dessous des seuils de s\u00e9curit\u00e9 : dix fois inf\u00e9rieur pour l\u2019une, vingt-cinq pour l\u2019autre.<\/p>\n<p data-start=\"1179\" data-end=\"1633\">La cl\u00e9 de cette transformation ? Un immense r\u00e9servoir de 46 000 m\u00b3 (l\u2019\u00e9quivalent de 20 piscines olympiques) creus\u00e9 sous un jardin public de la rive gauche. Il permet de capter les eaux de pluie exc\u00e9dentaires avant qu\u2019elles ne saturent les canalisations, limitant ainsi les rejets d\u2019eaux us\u00e9es dans le fleuve. Car tout le syst\u00e8me d\u2019\u00e9vacuation parisien repose encore sur des infrastructures du XIXe si\u00e8cle, inadapt\u00e9es aux \u00e9pisodes m\u00e9t\u00e9orologiques extr\u00eames.<\/p>\n<p data-start=\"1635\" data-end=\"2034\">Si les autorit\u00e9s se veulent rassurantes, elles n\u2019en oublient pas pour autant de rappeler les risques : forts courants, profondeur pouvant atteindre 3,5 m\u00e8tres, et cohabitation avec le trafic fluvial. Des ma\u00eetres-nageurs seront pr\u00e9sents pour \u00e9valuer les capacit\u00e9s des nageurs avant toute autorisation d\u2019acc\u00e8s. Hors des zones balis\u00e9es, la baignade reste strictement interdite et passible d\u2019une amende.<\/p>\n<p data-start=\"2036\" data-end=\"2449\">L\u2019enthousiasme, lui, est au rendez-vous. Dans une ville r\u00e9guli\u00e8rement frapp\u00e9e par des vagues de chaleur, la r\u00e9ouverture de la Seine \u00e0 la baignade appara\u00eet comme une r\u00e9ponse concr\u00e8te \u00e0 l\u2019urgence climatique. \u00ab Les \u00e9pisodes de canicule vont devenir plus fr\u00e9quents \u00bb, a soulign\u00e9 Anne Hidalgo. \u00ab Offrir des lieux de baignade s\u00fbrs, c\u2019est aussi permettre de vivre plus heureux, et peut-\u00eatre plus paisiblement ensemble. \u00bb<\/p>\n<p data-start=\"2451\" data-end=\"2519\" data-is-last-node=\"\" data-is-only-node=\"\">Les trois zones resteront accessibles gratuitement jusqu\u2019au 31 ao\u00fbt.<\/p>\n","protected":false},"excerpt":{"rendered":"C\u2019est une image que l\u2019on croyait r\u00e9serv\u00e9e aux cartes postales d\u2019un autre si\u00e8cle : ce week-end, apr\u00e8s plus&hellip;\n","protected":false},"author":2,"featured_media":232744,"comment_status":"","ping_status":"","sticky":false,"template":"","format":"standard","meta":{"footnotes":""},"categories":[1888],"tags":[1111,1928,11,1927,4573,4572,1777,674,1011,27,12,1926,626,1925,3907,25],"class_list":{"0":"post-232743","1":"post","2":"type-post","3":"status-publish","4":"format-standard","5":"has-post-thumbnail","7":"category-paris","8":"tag-actu","9":"tag-actu-paris","10":"tag-actualites","11":"tag-actualites-paris","12":"tag-actualites-vivre-en-ville","13":"tag-categories-que-faire","14":"tag-eu","15":"tag-europe","16":"tag-fr","17":"tag-france","18":"tag-news","19":"tag-news-paris","20":"tag-paris","21":"tag-paris-news","22":"tag-que-faire","23":"tag-republique-francaise"},"share_on_mastodon":{"url":"https:\/\/pubeurope.com\/@fr\/114812257841452019","error":""},"_links":{"self":[{"href":"https:\/\/www.europesays.com\/fr\/wp-json\/wp\/v2\/posts\/232743","targetHints":{"allow":["GET"]}}],"collection":[{"href":"https:\/\/www.europesays.com\/fr\/wp-json\/wp\/v2\/posts"}],"about":[{"href":"https:\/\/www.europesays.com\/fr\/wp-json\/wp\/v2\/types\/post"}],"author":[{"embeddable":true,"href":"https:\/\/www.europesays.com\/fr\/wp-json\/wp\/v2\/users\/2"}],"replies":[{"embeddable":true,"href":"https:\/\/www.europesays.com\/fr\/wp-json\/wp\/v2\/comments?post=232743"}],"version-history":[{"count":0,"href":"https:\/\/www.europesays.com\/fr\/wp-json\/wp\/v2\/posts\/232743\/revisions"}],"wp:featuredmedia":[{"embeddable":true,"href":"https:\/\/www.europesays.com\/fr\/wp-json\/wp\/v2\/media\/232744"}],"wp:attachment":[{"href":"https:\/\/www.europesays.com\/fr\/wp-json\/wp\/v2\/media?parent=232743"}],"wp:term":[{"taxonomy":"category","embeddable":true,"href":"https:\/\/www.europesays.com\/fr\/wp-json\/wp\/v2\/categories?post=232743"},{"taxonomy":"post_tag","embeddable":true,"href":"https:\/\/www.europesays.com\/fr\/wp-json\/wp\/v2\/tags?post=232743"}],"curies":[{"name":"wp","href":"https:\/\/api.w.org\/{rel}","templated":true}]}}