{"id":232745,"date":"2025-07-07T13:46:11","date_gmt":"2025-07-07T13:46:11","guid":{"rendered":"https:\/\/www.europesays.com\/fr\/232745\/"},"modified":"2025-07-07T13:46:11","modified_gmt":"2025-07-07T13:46:11","slug":"dans-une-robe-chanel-ayant-necessite-510h-de-travail-sofia-coppola-illumine-le-premier-bal-du-musee-des-arts-decoratifs","status":"publish","type":"post","link":"https:\/\/www.europesays.com\/fr\/232745\/","title":{"rendered":"Dans une robe Chanel ayant n\u00e9cessit\u00e9 510h de travail, Sofia Coppola illumine le premier bal du Mus\u00e9e des Arts D\u00e9coratifs"},"content":{"rendered":"<p>Ce dimanche 6 juillet, le Mus\u00e9e des Arts D\u00e9coratifs accueillait son tout premier grand bal annuel, sous la direction artistique de <strong>Sofia Coppola<\/strong>. Une jolie mani\u00e8re, avec ce Bal d\u2019\u00e9t\u00e9, de lancer les festivit\u00e9s de la Fashion Week haute couture automne-hiver 2025-2026, qui a d\u00e9but\u00e9 ce lundi 7 juillet. Entre les murs de l\u2019aile Marsan du palais du Louvre, <strong>Sofia Coppola<\/strong> a convi\u00e9 plus de 300 invit\u00e9s tri\u00e9s sur le volet \u00e0 entrer dans son univers cin\u00e9matographique, imagin\u00e9 pour l\u2019occasion comme un jardin d\u2019\u00e9t\u00e9 en int\u00e9rieur. \u201cJe voulais garder le th\u00e8me du bal d\u2019\u00e9t\u00e9 et faire entrer le jardin \u00e0 l\u2019int\u00e9rieur\u201d, a-elle expliqu\u00e9. \u201cJe l\u2019ai abord\u00e9 comme une sc\u00e8ne de f\u00eate dans un film\u201d. Parmi ses r\u00e9f\u00e9rences, une photographie de <strong>Jacqueline de Ribes<\/strong>, captur\u00e9e dans les ann\u00e9es 1980 par Horst. Personnalit\u00e9s de la mode comme du septi\u00e8me art ont r\u00e9pondu pr\u00e9sent. <strong>Kirsten Dunst<\/strong>, inoubliable <strong>Marie-Antoinette<\/strong> dans le film de la r\u00e9alisatrice, portait une robe dos nu orn\u00e9e de sequins brillants. <strong>Keira Knightley<\/strong> et <strong>Pen\u00e9lope Cruz<\/strong> \u00e9taient \u00e9galement resplendissantes en <strong>Chanel<\/strong> lors de cette soir\u00e9e \u00e9toil\u00e9e, respectivement dans une silhouette en noir et blanc, et dans une robe bleu nuit dot\u00e9e d\u2019une cape.<\/p>\n<p>Sofia Coppola choisit naturellement Chanel pour son look au premier Bal d&rsquo;\u00e9t\u00e9 du Mus\u00e9e des Arts D\u00e9coratifs<\/p>\n<p>De son c\u00f4t\u00e9, <strong>Sofia Coppola<\/strong>, directrice artistique de ce bal, muse et amie de la maison <strong>Chanel,<\/strong> apparaissait tout naturellement dans une silhouette sign\u00e9e de la maison au double C. Apr\u00e8s avoir opt\u00e9 pour des tenues plut\u00f4t d\u00e9contract\u00e9es mais toujours \u00e9l\u00e9gantes ces derniers jours dans le cadre du partenariat entre <strong>Chanel<\/strong> et le <strong>Festival Cin\u00e9ma Paradiso Louvre<\/strong>, <strong>Sofia Coppola<\/strong> avait cette fois choisi, pour cette soir\u00e9e d\u2019exception, une robe de grand soir t\u00e9moignant du savoir-faire remarquable de la maison de couture. Elle portait une robe chemise sur mesure en mousseline de soie rose poudr\u00e9 et en tulle de soie, orn\u00e9e de volants pliss\u00e9s en mousseline et en tulle. Cette cr\u00e9ation a n\u00e9cessit\u00e9, au total, 510 heures de confection dans les ateliers <strong>Chanel<\/strong>. Elle accessoirisait cette pi\u00e8ce d\u2019exception d\u2019une ceinture, d\u2019un sac et de chaussures <strong>Chanel<\/strong>. Rayonnante, <strong>Sofia Coppola<\/strong> \u00e9tait sublim\u00e9e d&rsquo;une mise en beaut\u00e9 sign\u00e9e Chanel.<\/p>\n<p><strong>Plus de <a href=\"https:\/\/www.vogue.fr\/mode\" target=\"_blank\" rel=\"noopener\">mode<\/a> sur Vogue.fr :<\/strong><br \/>Angelina Jolie et Zahara Jolie-Pitt, Heidi et Leni Klum\u2026 <a href=\"https:\/\/www.vogue.fr\/galerie\/filles-celebres-copie-looks-iconiques-meres\" target=\"_blank\" rel=\"noopener\">6 filles de stars qui ont calqu\u00e9 les looks iconiques de leurs m\u00e8res<\/a><br \/><a href=\"https:\/\/www.vogue.fr\/article\/defile-patou-printemps-ete-2026\" target=\"_blank\" rel=\"noopener\">Le d\u00e9fil\u00e9 Patou printemps-\u00e9t\u00e9 2026<\/a>, une ode \u00e0 la joie<br \/>Quand les <a href=\"https:\/\/www.vogue.fr\/article\/directeurs-artistiques-premier-rang-defiles-de-leur-pairs\" target=\"_blank\" rel=\"noopener\">cr\u00e9ateurs et directeurs artistiques s\u2019invitent au premier rang des d\u00e9fil\u00e9s<\/a> de leurs pairs<\/p>\n","protected":false},"excerpt":{"rendered":"Ce dimanche 6 juillet, le Mus\u00e9e des Arts D\u00e9coratifs accueillait son tout premier grand bal annuel, sous la&hellip;\n","protected":false},"author":2,"featured_media":232746,"comment_status":"","ping_status":"","sticky":false,"template":"","format":"standard","meta":{"footnotes":""},"categories":[1888],"tags":[11,1777,674,1011,27,985,12,626,25,14806],"class_list":{"0":"post-232745","1":"post","2":"type-post","3":"status-publish","4":"format-standard","5":"has-post-thumbnail","7":"category-paris","8":"tag-actualites","9":"tag-eu","10":"tag-europe","11":"tag-fr","12":"tag-france","13":"tag-mode","14":"tag-news","15":"tag-paris","16":"tag-republique-francaise","17":"tag-sofia-coppola"},"share_on_mastodon":{"url":"https:\/\/pubeurope.com\/@fr\/114812261720315600","error":""},"_links":{"self":[{"href":"https:\/\/www.europesays.com\/fr\/wp-json\/wp\/v2\/posts\/232745","targetHints":{"allow":["GET"]}}],"collection":[{"href":"https:\/\/www.europesays.com\/fr\/wp-json\/wp\/v2\/posts"}],"about":[{"href":"https:\/\/www.europesays.com\/fr\/wp-json\/wp\/v2\/types\/post"}],"author":[{"embeddable":true,"href":"https:\/\/www.europesays.com\/fr\/wp-json\/wp\/v2\/users\/2"}],"replies":[{"embeddable":true,"href":"https:\/\/www.europesays.com\/fr\/wp-json\/wp\/v2\/comments?post=232745"}],"version-history":[{"count":0,"href":"https:\/\/www.europesays.com\/fr\/wp-json\/wp\/v2\/posts\/232745\/revisions"}],"wp:featuredmedia":[{"embeddable":true,"href":"https:\/\/www.europesays.com\/fr\/wp-json\/wp\/v2\/media\/232746"}],"wp:attachment":[{"href":"https:\/\/www.europesays.com\/fr\/wp-json\/wp\/v2\/media?parent=232745"}],"wp:term":[{"taxonomy":"category","embeddable":true,"href":"https:\/\/www.europesays.com\/fr\/wp-json\/wp\/v2\/categories?post=232745"},{"taxonomy":"post_tag","embeddable":true,"href":"https:\/\/www.europesays.com\/fr\/wp-json\/wp\/v2\/tags?post=232745"}],"curies":[{"name":"wp","href":"https:\/\/api.w.org\/{rel}","templated":true}]}}