{"id":232749,"date":"2025-07-07T13:48:11","date_gmt":"2025-07-07T13:48:11","guid":{"rendered":"https:\/\/www.europesays.com\/fr\/232749\/"},"modified":"2025-07-07T13:48:11","modified_gmt":"2025-07-07T13:48:11","slug":"russie-un-ministre-demis-de-ses-fonctions-par-poutine-retrouve-mort-la-piste-du-suicide-privilegiee","status":"publish","type":"post","link":"https:\/\/www.europesays.com\/fr\/232749\/","title":{"rendered":"Russie. Un ministre d\u00e9mis de ses fonctions par Poutine retrouv\u00e9 mort, la piste du suicide privil\u00e9gi\u00e9e"},"content":{"rendered":"<p>Roman Starovo\u00eft, le ministre russe des Transports d\u00e9mis de ses fonctions lundi par le pr\u00e9sident Vladimir Poutine, s&rsquo;est suicid\u00e9 quelques heures plus tard, a annonc\u00e9 le Comit\u00e9 d&rsquo;enqu\u00eate russe.<\/p>\n<p>Son corps a \u00e9t\u00e9 retrouv\u00e9 dans sa voiture, pr\u00e9sentant une blessure par balle, a indiqu\u00e9 le Comit\u00e9 d&rsquo;enqu\u00eate, assurant que \u00ab la th\u00e8se principale [de sa mort, NDLR] est celle d&rsquo;un suicide \u00bb.<\/p>\n<p><strong>&gt;&gt; Plus d&rsquo;infos \u00e0 venir<\/strong><\/p>\n","protected":false},"excerpt":{"rendered":"Roman Starovo\u00eft, le ministre russe des Transports d\u00e9mis de ses fonctions lundi par le pr\u00e9sident Vladimir Poutine, s&rsquo;est&hellip;\n","protected":false},"author":2,"featured_media":232750,"comment_status":"","ping_status":"","sticky":false,"template":"","format":"standard","meta":{"footnotes":""},"categories":[1591],"tags":[11,274,1887,107,329,12,1885,1886,132],"class_list":{"0":"post-232749","1":"post","2":"type-post","3":"status-publish","4":"format-standard","5":"has-post-thumbnail","7":"category-russie","8":"tag-actualites","9":"tag-faits-divers-justice","10":"tag-federation-de-russie","11":"tag-fil-info","12":"tag-france-monde","13":"tag-news","14":"tag-russia","15":"tag-russian-federation","16":"tag-russie"},"share_on_mastodon":{"url":"https:\/\/pubeurope.com\/@fr\/114812269590396005","error":""},"_links":{"self":[{"href":"https:\/\/www.europesays.com\/fr\/wp-json\/wp\/v2\/posts\/232749","targetHints":{"allow":["GET"]}}],"collection":[{"href":"https:\/\/www.europesays.com\/fr\/wp-json\/wp\/v2\/posts"}],"about":[{"href":"https:\/\/www.europesays.com\/fr\/wp-json\/wp\/v2\/types\/post"}],"author":[{"embeddable":true,"href":"https:\/\/www.europesays.com\/fr\/wp-json\/wp\/v2\/users\/2"}],"replies":[{"embeddable":true,"href":"https:\/\/www.europesays.com\/fr\/wp-json\/wp\/v2\/comments?post=232749"}],"version-history":[{"count":0,"href":"https:\/\/www.europesays.com\/fr\/wp-json\/wp\/v2\/posts\/232749\/revisions"}],"wp:featuredmedia":[{"embeddable":true,"href":"https:\/\/www.europesays.com\/fr\/wp-json\/wp\/v2\/media\/232750"}],"wp:attachment":[{"href":"https:\/\/www.europesays.com\/fr\/wp-json\/wp\/v2\/media?parent=232749"}],"wp:term":[{"taxonomy":"category","embeddable":true,"href":"https:\/\/www.europesays.com\/fr\/wp-json\/wp\/v2\/categories?post=232749"},{"taxonomy":"post_tag","embeddable":true,"href":"https:\/\/www.europesays.com\/fr\/wp-json\/wp\/v2\/tags?post=232749"}],"curies":[{"name":"wp","href":"https:\/\/api.w.org\/{rel}","templated":true}]}}