{"id":232751,"date":"2025-07-07T13:49:12","date_gmt":"2025-07-07T13:49:12","guid":{"rendered":"https:\/\/www.europesays.com\/fr\/232751\/"},"modified":"2025-07-07T13:49:12","modified_gmt":"2025-07-07T13:49:12","slug":"il-ny-a-plus-assez-dhommes-pour-tenir-la-ligne-de-front-en-ukraine-alerte-le-general-francois-chauvancy-sur-lci","status":"publish","type":"post","link":"https:\/\/www.europesays.com\/fr\/232751\/","title":{"rendered":"\u00ab\u00a0Il n&rsquo;y a plus assez d&rsquo;hommes pour tenir la ligne de front\u00a0\u00bb en Ukraine, alerte le g\u00e9n\u00e9ral Fran\u00e7ois Chauvancy sur LCI"},"content":{"rendered":"<ul class=\"jsx-862013697 ArticleChapo__List\">\n<li class=\"jsx-862013697 ArticleChapo__List_Item flex\">L&rsquo;arm\u00e9e ukrainienne a d\u00e9clar\u00e9 que les forces russes avaient frapp\u00e9, lundi 7 juillet, 2 centres de recrutement \u00e0 Kharkiv et Zaporijia, faisant au moins 4 bless\u00e9s, selon un bilan provisoire.<\/li>\n<li class=\"jsx-862013697 ArticleChapo__List_Item flex\">Fran\u00e7ois Chauvancy, consultant g\u00e9opolitique LCI, analyse la nouvelle strat\u00e9gie russe pour appauvrir en hommes l&rsquo;arm\u00e9e ukrainienne.<\/li>\n<\/ul>\n<p data-module=\"article-paragraph\" class=\"jsx-3046738180 Paragraph\">\u00ab\u00a0Le vrai probl\u00e8me sur le terrain, c&rsquo;est qu&rsquo;aujourd&rsquo;hui il n&rsquo;y a plus assez d&rsquo;hommes pour tenir la ligne de front\u00a0\u00bb. Le g\u00e9n\u00e9ral Fran\u00e7ois Chauvancy alerte, ce lundi 7 juillet sur LCI, sur les capacit\u00e9s humaines ukrainiennes. Ces derniers jours, les troupes russes ont attaqu\u00e9 et touch\u00e9 \u00e0 plusieurs reprises des centres de recrutement de l&rsquo;arm\u00e9e ukrainienne, qui est en difficult\u00e9 pour attirer de nouvelles recrues apr\u00e8s bient\u00f4t trois ans et demi d&rsquo;invasion russe.\u00a0<\/p>\n<p data-module=\"article-paragraph\" class=\"jsx-3046738180 Paragraph Paragraph__End\">L&rsquo;arm\u00e9e ukrainienne a d\u00e9clar\u00e9 ce lundi que les forces russes avaient frapp\u00e9 deux centres de recrutement militaire, \u00e0 Kharkiv et Zaporijia, faisant au moins quatre bless\u00e9s, selon un bilan provisoire. \u00ab\u00a0\u00c7a fait partie de la tactique, sinon de la strat\u00e9gie russe. Ce n&rsquo;est absolument pas invraisemblable, et c&rsquo;est surprenant d&rsquo;ailleurs qu&rsquo;ils aient attendu si longtemps pour le faire\u00a0\u00bb, indique le g\u00e9n\u00e9ral.\u00a0<\/p>\n<p><a href=\"https:\/\/www.tf1info.fr\/international\/video-document-lci-on-s-est-mis-a-vomir-la-guerre-chimique-des-troupes-russes-sur-le-champ-de-bataille-en-ukraine-2369090.html\" rel=\"noopener\" class=\"jsx-3308031228 Link flex\" target=\"_blank\"><img decoding=\"async\" src=\"https:\/\/www.europesays.com\/fr\/wp-content\/uploads\/2025\/05\/reportage-lci-armes-chimiques-guerre-ukraine-fbdc95-0@1x.jpeg\" alt=\"Un membre du bataillon Bratstvo, masque \u00e0 gaz sur le visage.\" loading=\"lazy\" importance=\"low\" fetchpriority=\"low\" class=\"\" aria-hidden=\"true\"\/><\/p>\n<p class=\"jsx-3657663356 ReadMoreArticle__Title\">Lire aussi<\/p>\n<p class=\"jsx-3657663356\">DOCUMENT LCI &#8211; \u00ab\u00a0On s&rsquo;est mis \u00e0 vomir\u00a0\u00bb : la guerre chimique des troupes russes en Ukraine<\/p>\n<p><\/a><\/p>\n<p data-module=\"article-paragraph\" class=\"jsx-3046738180 Paragraph Paragraph__End\">Au-del\u00e0 de la nouvelle strat\u00e9gie russe, l&rsquo;Ukraine peine \u00e0 recruter des soldats pour se battre contre la Russie. De nombreux soldats ukrainiens ont \u00e9galement d\u00e9sert\u00e9 : \u00ab\u00a0On a bien un rejet, pas de la guerre en tant que telle, mais de la mort. Ce qu&rsquo;on peut tout \u00e0 fait comprendre d&rsquo;ailleurs, vu les circonstances. Mais aujourd&rsquo;hui, c&rsquo;est critique sur le terrain\u00a0\u00bb, conclut le g\u00e9n\u00e9ral Fran\u00e7ois Chauvancy.\u00a0<\/p>\n<p>Raphael BAZILE<\/p>\n","protected":false},"excerpt":{"rendered":"L&rsquo;arm\u00e9e ukrainienne a d\u00e9clar\u00e9 que les forces russes avaient frapp\u00e9, lundi 7 juillet, 2 centres de recrutement \u00e0&hellip;\n","protected":false},"author":2,"featured_media":232752,"comment_status":"","ping_status":"","sticky":false,"template":"","format":"standard","meta":{"footnotes":""},"categories":[1590],"tags":[1111,11,1921,1777,674,1922,13646,12,132,220,1917,133,1920],"class_list":{"0":"post-232751","1":"post","2":"type-post","3":"status-publish","4":"format-standard","5":"has-post-thumbnail","7":"category-ukraine","8":"tag-actu","9":"tag-actualites","10":"tag-article-video","11":"tag-eu","12":"tag-europe","13":"tag-info","14":"tag-lci-midi","15":"tag-news","16":"tag-russie","17":"tag-ukraine","18":"tag-ukraine-4-annee-de-guerre","19":"tag-video","20":"tag-video-international"},"share_on_mastodon":{"url":"https:\/\/pubeurope.com\/@fr\/114812273579965913","error":""},"_links":{"self":[{"href":"https:\/\/www.europesays.com\/fr\/wp-json\/wp\/v2\/posts\/232751","targetHints":{"allow":["GET"]}}],"collection":[{"href":"https:\/\/www.europesays.com\/fr\/wp-json\/wp\/v2\/posts"}],"about":[{"href":"https:\/\/www.europesays.com\/fr\/wp-json\/wp\/v2\/types\/post"}],"author":[{"embeddable":true,"href":"https:\/\/www.europesays.com\/fr\/wp-json\/wp\/v2\/users\/2"}],"replies":[{"embeddable":true,"href":"https:\/\/www.europesays.com\/fr\/wp-json\/wp\/v2\/comments?post=232751"}],"version-history":[{"count":0,"href":"https:\/\/www.europesays.com\/fr\/wp-json\/wp\/v2\/posts\/232751\/revisions"}],"wp:featuredmedia":[{"embeddable":true,"href":"https:\/\/www.europesays.com\/fr\/wp-json\/wp\/v2\/media\/232752"}],"wp:attachment":[{"href":"https:\/\/www.europesays.com\/fr\/wp-json\/wp\/v2\/media?parent=232751"}],"wp:term":[{"taxonomy":"category","embeddable":true,"href":"https:\/\/www.europesays.com\/fr\/wp-json\/wp\/v2\/categories?post=232751"},{"taxonomy":"post_tag","embeddable":true,"href":"https:\/\/www.europesays.com\/fr\/wp-json\/wp\/v2\/tags?post=232751"}],"curies":[{"name":"wp","href":"https:\/\/api.w.org\/{rel}","templated":true}]}}