{"id":232754,"date":"2025-07-07T13:51:14","date_gmt":"2025-07-07T13:51:14","guid":{"rendered":"https:\/\/www.europesays.com\/fr\/232754\/"},"modified":"2025-07-07T13:51:14","modified_gmt":"2025-07-07T13:51:14","slug":"dow-chemical-supprime-800-emplois-en-allemagne-et-au-royaume-uni","status":"publish","type":"post","link":"https:\/\/www.europesays.com\/fr\/232754\/","title":{"rendered":"Dow Chemical supprime 800 emplois en Allemagne et au Royaume-Uni"},"content":{"rendered":"<p class=\"ap-StoryElement ap-StoryElement--mb ap-StoryText\">En Allemagne, Dow ferme les sites de B\u00f6hlen, dans le Land de Saxe, et de Schkopau, dans le Land de Saxe-Anhalt. Au Royaume-Uni, il s&rsquo;agit d&rsquo;un site \u00e0 Barry au Pays de Galles. En Allemagne, quelque 550 emplois seront supprim\u00e9s, selon l&rsquo;agence de presse allemande DPA. Au Royaume-Uni, la fermeture pourrait co\u00fbter jusqu&rsquo;\u00e0 291 emplois, selon le radiodiffuseur britannique BBC.<\/p>\n","protected":false},"excerpt":{"rendered":"En Allemagne, Dow ferme les sites de B\u00f6hlen, dans le Land de Saxe, et de Schkopau, dans le&hellip;\n","protected":false},"author":2,"featured_media":2837,"comment_status":"","ping_status":"","sticky":false,"template":"","format":"standard","meta":{"footnotes":""},"categories":[1588],"tags":[11,672,10531,341,313,73,1777,674,12,473,1853,1851,1850,1852],"class_list":{"0":"post-232754","1":"post","2":"type-post","3":"status-publish","4":"format-standard","5":"has-post-thumbnail","7":"category-royaume-uni","8":"tag-actualites","9":"tag-allemagne","10":"tag-chimie","11":"tag-emploi","12":"tag-entreprises","13":"tag-etats-unis","14":"tag-eu","15":"tag-europe","16":"tag-news","17":"tag-royaume-uni","18":"tag-royaume-uni-de-grande-bretagne-et-dirlande-du-nord","19":"tag-uk","20":"tag-united-kingdom","21":"tag-united-kingdom-of-great-britain-and-northern-ireland"},"share_on_mastodon":{"url":"https:\/\/pubeurope.com\/@fr\/114812281521621978","error":""},"_links":{"self":[{"href":"https:\/\/www.europesays.com\/fr\/wp-json\/wp\/v2\/posts\/232754","targetHints":{"allow":["GET"]}}],"collection":[{"href":"https:\/\/www.europesays.com\/fr\/wp-json\/wp\/v2\/posts"}],"about":[{"href":"https:\/\/www.europesays.com\/fr\/wp-json\/wp\/v2\/types\/post"}],"author":[{"embeddable":true,"href":"https:\/\/www.europesays.com\/fr\/wp-json\/wp\/v2\/users\/2"}],"replies":[{"embeddable":true,"href":"https:\/\/www.europesays.com\/fr\/wp-json\/wp\/v2\/comments?post=232754"}],"version-history":[{"count":0,"href":"https:\/\/www.europesays.com\/fr\/wp-json\/wp\/v2\/posts\/232754\/revisions"}],"wp:featuredmedia":[{"embeddable":true,"href":"https:\/\/www.europesays.com\/fr\/wp-json\/wp\/v2\/media\/2837"}],"wp:attachment":[{"href":"https:\/\/www.europesays.com\/fr\/wp-json\/wp\/v2\/media?parent=232754"}],"wp:term":[{"taxonomy":"category","embeddable":true,"href":"https:\/\/www.europesays.com\/fr\/wp-json\/wp\/v2\/categories?post=232754"},{"taxonomy":"post_tag","embeddable":true,"href":"https:\/\/www.europesays.com\/fr\/wp-json\/wp\/v2\/tags?post=232754"}],"curies":[{"name":"wp","href":"https:\/\/api.w.org\/{rel}","templated":true}]}}