{"id":232755,"date":"2025-07-07T13:52:26","date_gmt":"2025-07-07T13:52:26","guid":{"rendered":"https:\/\/www.europesays.com\/fr\/232755\/"},"modified":"2025-07-07T13:52:26","modified_gmt":"2025-07-07T13:52:26","slug":"lallemagne-surclasse-la-pologne-mais-tremble-pour-gwinn","status":"publish","type":"post","link":"https:\/\/www.europesays.com\/fr\/232755\/","title":{"rendered":"l&rsquo;Allemagne surclasse la Pologne mais tremble pour Gwinn"},"content":{"rendered":"<p>L\u2019Allemagne a lanc\u00e9 son Euro de football avec une victoire 2-0 sur la Pologne, vendredi \u00e0 Saint-Gall (Suisse), gr\u00e2ce \u00e0 deux buts de Jule Brand et Lea Sch\u00fcller, mais a perdu sur blessure sa capitaine Giulia Gwinn.<\/p>\n<p>Les m\u00e9daill\u00e9es de bronze des JO-2024, en qu\u00eate depuis 2013 d\u2019un neuvi\u00e8me titre continental, prennent la t\u00eate du groupe C \u00e0 la m\u00eame hauteur que les Su\u00e9doises, qui ont battu un peu plus t\u00f4t le Danemark sur un score plus \u00e9triqu\u00e9 (1-0).<\/p>\n<p>Les Allemandes, finalistes malheureuses de l\u2019Euro-2022 remport\u00e9 par les Anglaises, avaient l\u2019occasion de r\u00e9pondre \u00e0 l\u2019entr\u00e9e en lice tonitruante de l\u2019Espagne jeudi face au Portugal (5-0), confirmant son statut de grande favorite.<\/p>\n<p>Mais pour leur premi\u00e8re phase finale d\u2019un Euro, les Polonaises ont paru pendant pr\u00e8s d\u2019une heure capables de cr\u00e9er l\u2019exploit, ou du moins de neutraliser leur prestigieuse voisine, pourtant arriv\u00e9e avec l\u2019impressionnant bilan de 24 buts en cinq succ\u00e8s cette ann\u00e9e.<\/p>\n<p>Fortes d\u2019une solidarit\u00e9 impeccable, repli\u00e9es sur leur cage d\u00e8s la perte de balle, les joueuses de Nina Patalon se sont efforc\u00e9es de piquer en contre avec Ewa Pajor, imp\u00e9riale cette saison avec le FC Barcelone (43 buts), mais tant\u00f4t trop esseul\u00e9e tant\u00f4t impr\u00e9cise vendredi.<\/p>\n<p>Il a fallu un exploit individuel de Jule Brand, jusque-l\u00e0 aussi musel\u00e9e que ses co\u00e9quipi\u00e8res, pour d\u00e9bloquer le match: d\u2019une frappe limpide du gauche, pleine lucarne, d\u00e9coch\u00e9e depuis l\u2019entr\u00e9e de la surface, la recrue lyonnaise de 22 ans n\u2019a laiss\u00e9 aucune chance \u00e0 Kinga Szemik (1-0, 52e).<\/p>\n<p>Dans une seconde p\u00e9riode plus d\u00e9brid\u00e9e, o\u00f9 les joueuses de Christian W\u00fcck ont offert des appels plus tranchants, Lea Sch\u00fcller a doubl\u00e9 la mise en reprenant de la t\u00eate un long centre venu de la droite, toujours de Jule Brand (2-0, 66e), s\u2019offrant \u00e0 seulement 27 ans un 53e but en s\u00e9lection.<\/p>\n<p>La soir\u00e9e allemande est cependant ternie par la sortie \u00e0 la 40e minute de la lat\u00e9rale droite et capitaine Giulia Gwinn, manifestement touch\u00e9e au genou gauche apr\u00e8s une intervention d\u00e9fensive face \u00e0 Ewa Pajor.<\/p>\n<p>    <img decoding=\"async\" src=\"https:\/\/www.europesays.com\/fr\/wp-content\/uploads\/2025\/07\/2135670-la-capitaine-de-l-allemagne-giulia-gwinn-blessee-c.jpg\" alt=\"La capitaine de l'Allemagne Giulia Gwinn bless\u00e9e contre la Pologne \u00e0 l'Euro \u00e0 Saint-Gall, le 4 juillet 2025\"   class=\"article-media__image\" loading=\"lazy\" style=\"aspect-ratio:2048\/1365\"\/><\/p>\n<p>\n                    La capitaine de l&rsquo;Allemagne Giulia Gwinn bless\u00e9e contre la Pologne \u00e0 l&rsquo;Euro \u00e0 Saint-Gall, le 4 juillet 2025<\/p>\n<p>                            SEBASTIEN BOZON \/ AFP<\/p>\n<p>La joueuse du Bayern, ic\u00f4ne en Allemagne, a tent\u00e9 de reprendre la rencontre avant de sortir en larmes, enlac\u00e9e par Lea Sch\u00fcller. A seulement 26 ans, Gwinn s\u2019est d\u00e9j\u00e0 rompue les ligaments crois\u00e9s des deux genoux, manquant pour cette raison le Mondial-2023.<\/p>\n<p>Les Allemandes avaient \u00e9t\u00e9 \u00e9limin\u00e9es lors de la phase de poules de cette comp\u00e9tition, un \u00e9chec tr\u00e8s loin de leur standard, et se pr\u00e9sentent cet \u00e9t\u00e9 en Suisse avec un groupe rajeuni et revanchard.<\/p>\n","protected":false},"excerpt":{"rendered":"L\u2019Allemagne a lanc\u00e9 son Euro de football avec une victoire 2-0 sur la Pologne, vendredi \u00e0 Saint-Gall (Suisse),&hellip;\n","protected":false},"author":2,"featured_media":232756,"comment_status":"","ping_status":"","sticky":false,"template":"","format":"standard","meta":{"footnotes":""},"categories":[1587],"tags":[11,672,1804,1805,1803,1777,674,1801,12,1802],"class_list":{"0":"post-232755","1":"post","2":"type-post","3":"status-publish","4":"format-standard","5":"has-post-thumbnail","7":"category-allemagne","8":"tag-actualites","9":"tag-allemagne","10":"tag-bundesrepublik-deutschland","11":"tag-de","12":"tag-deutschland","13":"tag-eu","14":"tag-europe","15":"tag-germany","16":"tag-news","17":"tag-republique-federale-dallemagne"},"share_on_mastodon":{"url":"https:\/\/pubeurope.com\/@fr\/114812285330515787","error":""},"_links":{"self":[{"href":"https:\/\/www.europesays.com\/fr\/wp-json\/wp\/v2\/posts\/232755","targetHints":{"allow":["GET"]}}],"collection":[{"href":"https:\/\/www.europesays.com\/fr\/wp-json\/wp\/v2\/posts"}],"about":[{"href":"https:\/\/www.europesays.com\/fr\/wp-json\/wp\/v2\/types\/post"}],"author":[{"embeddable":true,"href":"https:\/\/www.europesays.com\/fr\/wp-json\/wp\/v2\/users\/2"}],"replies":[{"embeddable":true,"href":"https:\/\/www.europesays.com\/fr\/wp-json\/wp\/v2\/comments?post=232755"}],"version-history":[{"count":0,"href":"https:\/\/www.europesays.com\/fr\/wp-json\/wp\/v2\/posts\/232755\/revisions"}],"wp:featuredmedia":[{"embeddable":true,"href":"https:\/\/www.europesays.com\/fr\/wp-json\/wp\/v2\/media\/232756"}],"wp:attachment":[{"href":"https:\/\/www.europesays.com\/fr\/wp-json\/wp\/v2\/media?parent=232755"}],"wp:term":[{"taxonomy":"category","embeddable":true,"href":"https:\/\/www.europesays.com\/fr\/wp-json\/wp\/v2\/categories?post=232755"},{"taxonomy":"post_tag","embeddable":true,"href":"https:\/\/www.europesays.com\/fr\/wp-json\/wp\/v2\/tags?post=232755"}],"curies":[{"name":"wp","href":"https:\/\/api.w.org\/{rel}","templated":true}]}}