{"id":232757,"date":"2025-07-07T13:53:12","date_gmt":"2025-07-07T13:53:12","guid":{"rendered":"https:\/\/www.europesays.com\/fr\/232757\/"},"modified":"2025-07-07T13:53:12","modified_gmt":"2025-07-07T13:53:12","slug":"la-chine-frappe-le-secteur-medical-europeen-avec-une-mesure-de-retorsion","status":"publish","type":"post","link":"https:\/\/www.europesays.com\/fr\/232757\/","title":{"rendered":"La Chine frappe le secteur m\u00e9dical europ\u00e9en avec une mesure de r\u00e9torsion"},"content":{"rendered":"<p>Principaux renseingnements<\/p>\n<ul class=\"wp-block-list\">\n<li><strong>La Chine exclut les entreprises europ\u00e9ennes sans activit\u00e9s dans le pays des grands march\u00e9s publics pour les dispositifs m\u00e9dicaux.<\/strong><\/li>\n<li><strong>Seuls les contrats sup\u00e9rieurs \u00e0 45 millions de yuans (5,8 millions d\u2019euros) sont concern\u00e9s.<\/strong><\/li>\n<li><strong>Cette mesure est une riposte aux sanctions europ\u00e9ennes r\u00e9centes et accentue les tensions \u00e0 la veille d\u2019un sommet diplomatique.<\/strong><\/li>\n<\/ul>\n<p>La Chine r\u00e9agit aux r\u00e9centes mesures de l\u2019UE contre les producteurs chinois d\u2019\u00e9quipements m\u00e9dicaux. Les entreprises europ\u00e9ennes sans implantation en Chine se voient d\u00e9sormais exclues des appels d\u2019offres publics majeurs dans ce secteur. Selon le minist\u00e8re des Finances chinois, elles ne peuvent plus participer aux appels d\u2019offres \u00e0 partir de 45 millions de yuans (5,8 millions d\u2019euros).<\/p>\n<p>Cette d\u00e9cision constitue une r\u00e9ponse aux sanctions impos\u00e9es par l\u2019UE en juin, qui interdisent aux entreprises chinoises de participer aux march\u00e9s publics europ\u00e9ens de plus de 5 millions d\u2019euros pendant cinq ans. Cette mesure europ\u00e9enne faisait suite \u00e0 une enqu\u00eate de la Commission ayant r\u00e9v\u00e9l\u00e9 que la Chine excluait de mani\u00e8re discriminatoire les producteurs europ\u00e9ens d\u2019\u00e9quipements m\u00e9dicaux de ses propres march\u00e9s publics.<\/p>\n<p>La Chine pr\u00e9sente sa contre-mesure comme un \u00ab\u00a0dernier recours\u00a0\u00bb<\/p>\n<p>Le minist\u00e8re chinois du Commerce affirme que cette d\u00e9cision est un \u00ab\u00a0dernier recours\u00a0\u00bb, apr\u00e8s l\u2019\u00e9chec des tentatives de dialogue bilat\u00e9ral. Le minist\u00e8re a soulign\u00e9 que P\u00e9kin n\u2019avait \u00ab\u00a0d\u2019autre choix\u00a0\u00bb que d\u2019adopter des \u00ab\u00a0contre-mesures r\u00e9ciproques\u00a0\u00bb pour prot\u00e9ger ses entreprises et garantir une concurrence \u00e9quitable.<\/p>\n<p>Les tensions s\u2019intensifient ainsi davantage. R\u00e9cemment, la Chine a \u00e9galement annonc\u00e9 <a href=\"https:\/\/fr.businessam.be\/chine-impose-droits-antidumping-cognac-europeen\/\" rel=\"nofollow noopener\" target=\"_blank\">des droits antidumping sur les cognacs europ\u00e9ens<\/a>, principalement fran\u00e7ais. Ces droits, allant jusqu\u2019\u00e0 34,9 pour cent, resteront en vigueur pendant cinq ans.<\/p>\n<p>Un sommet diplomatique sous tension<\/p>\n<p>Malgr\u00e9 l\u2019escalade des tensions, la Chine et l\u2019UE se pr\u00e9parent \u00e0 un sommet pr\u00e9vu \u00e0 P\u00e9kin plus tard ce mois-ci. Cette rencontre marquera le 50e anniversaire des relations diplomatiques entre les deux puissances.<\/p>\n<p>Parall\u00e8lement, les n\u00e9gociations se poursuivent sur plusieurs diff\u00e9rends commerciaux, notamment concernant les importations de v\u00e9hicules \u00e9lectriques et de cognac. Selon les m\u00e9dias d\u2019\u00c9tat chinois, la partie technique des discussions sur les v\u00e9hicules \u00e9lectriques est achev\u00e9e. La suite d\u00e9pendrait de la volont\u00e9 politique europ\u00e9enne. (uv)<\/p>\n<p><a href=\"https:\/\/portalfr.businessam.be\/plans\/business-am-fr-offre-dete\/\" target=\"_blank\" rel=\"noreferrer noopener nofollow\">Si vous souhaitez acc\u00e9der \u00e0 tous les articles, abonnez-vous ici!<\/a><\/p>\n","protected":false},"excerpt":{"rendered":"Principaux renseingnements La Chine exclut les entreprises europ\u00e9ennes sans activit\u00e9s dans le pays des grands march\u00e9s publics pour&hellip;\n","protected":false},"author":2,"featured_media":232758,"comment_status":"","ping_status":"","sticky":false,"template":"","format":"standard","meta":{"footnotes":""},"categories":[1586],"tags":[11,309,37162,1777,674,1011,27,12,25,37163],"class_list":{"0":"post-232757","1":"post","2":"type-post","3":"status-publish","4":"format-standard","5":"has-post-thumbnail","7":"category-europe","8":"tag-actualites","9":"tag-chine","10":"tag-dispositifs","11":"tag-eu","12":"tag-europe","13":"tag-fr","14":"tag-france","15":"tag-news","16":"tag-republique-francaise","17":"tag-secteur-medical"},"share_on_mastodon":{"url":"https:\/\/pubeurope.com\/@fr\/114812289241975803","error":""},"_links":{"self":[{"href":"https:\/\/www.europesays.com\/fr\/wp-json\/wp\/v2\/posts\/232757","targetHints":{"allow":["GET"]}}],"collection":[{"href":"https:\/\/www.europesays.com\/fr\/wp-json\/wp\/v2\/posts"}],"about":[{"href":"https:\/\/www.europesays.com\/fr\/wp-json\/wp\/v2\/types\/post"}],"author":[{"embeddable":true,"href":"https:\/\/www.europesays.com\/fr\/wp-json\/wp\/v2\/users\/2"}],"replies":[{"embeddable":true,"href":"https:\/\/www.europesays.com\/fr\/wp-json\/wp\/v2\/comments?post=232757"}],"version-history":[{"count":0,"href":"https:\/\/www.europesays.com\/fr\/wp-json\/wp\/v2\/posts\/232757\/revisions"}],"wp:featuredmedia":[{"embeddable":true,"href":"https:\/\/www.europesays.com\/fr\/wp-json\/wp\/v2\/media\/232758"}],"wp:attachment":[{"href":"https:\/\/www.europesays.com\/fr\/wp-json\/wp\/v2\/media?parent=232757"}],"wp:term":[{"taxonomy":"category","embeddable":true,"href":"https:\/\/www.europesays.com\/fr\/wp-json\/wp\/v2\/categories?post=232757"},{"taxonomy":"post_tag","embeddable":true,"href":"https:\/\/www.europesays.com\/fr\/wp-json\/wp\/v2\/tags?post=232757"}],"curies":[{"name":"wp","href":"https:\/\/api.w.org\/{rel}","templated":true}]}}