{"id":232765,"date":"2025-07-07T14:00:12","date_gmt":"2025-07-07T14:00:12","guid":{"rendered":"https:\/\/www.europesays.com\/fr\/232765\/"},"modified":"2025-07-07T14:00:12","modified_gmt":"2025-07-07T14:00:12","slug":"la-compo-des-bleus-avec-les-retours-de-plusieurs-pepites","status":"publish","type":"post","link":"https:\/\/www.europesays.com\/fr\/232765\/","title":{"rendered":"la compo des Bleus avec les retours de plusieurs p\u00e9pites !"},"content":{"rendered":"<p>C\u00e9dric Laborde reste fid\u00e8le \u00e0 sa formule. Depuis le d\u00e9but de cette Coupe du monde U20, le s\u00e9lectionneur des Bleuets op\u00e8re une large rotation \u00e0 chaque rencontre. Apr\u00e8s les victoires bonifi\u00e9es face \u00e0 l\u2019Espagne puis face au pays de Galles, il a encore d\u00e9cid\u00e9 de proc\u00e9der \u00e0 sept changements dans son quinze de d\u00e9part pour d\u00e9fier l\u2019Argentine, ce mercredi.<\/p>\n<p>Les jeunes p\u00e9pites toulousaines Simon Daroque et Kalvin Gourgues int\u00e8grent ainsi la composition, \u00e0 la m\u00eal\u00e9e et \u00e0 une aile. Fabien Brau-Boirie, rappel\u00e9 apr\u00e8s avoir manqu\u00e9 le d\u00e9but de la comp\u00e9tition, est lui sur le banc. Jon Echegaray va encha\u00eener \u00e0 l\u2019arri\u00e8re tandis que Charles Kante Samba ou Baptiste Britz se font une place dans le paquet d\u2019avant. Finalement, seuls Robin Taccola et Tom Lev\u00eaque auront disput\u00e9 les trois rencontres.<\/p>\n<p>La compo<\/p>\n<p>Echegaray &#8211; Donguy, Taccola, Gourgues, Lev\u00eaque &#8211; Keletaona, Daroque &#8211; Deliance (cap.) &#8211; Ibsaiene, Britz &#8211; Kante Samba, Sanson &#8211; Megherbi, Akrab, Jabea Njocke.<br \/>Rempla\u00e7ants\u00a0: Algay, Boyer Gallardo, Alifanety, M\u00e9zou, Baret, Tilloles, Jurd, Brau-Boirie.<\/p>\n<blockquote class=\"twitter-tweet\">\n<p dir=\"ltr\" lang=\"fr\">\ud83c\uddeb\ud83c\uddf7\ud83c\udde6\ud83c\uddf7 La \ud835\uddd6\ud835\udde2\ud835\udde0\ud835\udde3\ud835\udde2 de nos Bleuets \ud83d\ude0d<\/p>\n<p>Rendez-vous mercredi \u00e0 20h30 pour encourager nos joueurs !<\/p>\n<p>\ud83d\udcfa Le match est \u00e0 suivre en direct sur <a href=\"https:\/\/twitter.com\/lachainelequipe?ref_src=twsrc%5Etfw\" rel=\"nofollow noopener\" target=\"_blank\">@lachainelequipe<\/a> !<br \/><a href=\"https:\/\/twitter.com\/hashtag\/FranceU2O?src=hash&amp;ref_src=twsrc%5Etfw\" rel=\"nofollow noopener\" target=\"_blank\">#FranceU2O<\/a> <a href=\"https:\/\/twitter.com\/hashtag\/WorldRugbyU20s?src=hash&amp;ref_src=twsrc%5Etfw\" rel=\"nofollow noopener\" target=\"_blank\">#WorldRugbyU20s<\/a> <a href=\"https:\/\/twitter.com\/hashtag\/FRAARG?src=hash&amp;ref_src=twsrc%5Etfw\" rel=\"nofollow noopener\" target=\"_blank\">#FRAARG<\/a> <a href=\"https:\/\/t.co\/pDGOlkxzXn\" rel=\"nofollow\">pic.twitter.com\/pDGOlkxzXn<\/a><\/p>\n<p>\u2014 France Rugby (@FranceRugby) <a href=\"https:\/\/twitter.com\/FranceRugby\/status\/1942185539022581948?ref_src=twsrc%5Etfw\" rel=\"nofollow noopener\" target=\"_blank\">July 7, 2025<\/a><\/p>\n<\/blockquote>\n<p>Partagez cette info avec vos amis et vos proches en cliquant ici<br \/>Pour r\u00e9sumer<\/p>\n<p>Le XV de France termine sa phase de groupe de cette Coupe du monde U20 ce mercredi face \u00e0 l\u2019Argentine. Pour cette rencontre, C\u00e9dric Laborde a proc\u00e9d\u00e9 \u00e0 de multiples changements. Kalvin Gourgues ou Simon Daroque sont titularis\u00e9s.<\/p>\n<p> <img decoding=\"async\" width=\"76\" height=\"76\" loading=\"lazy\" src=\"https:\/\/www.europesays.com\/fr\/wp-content\/uploads\/2025\/04\/avatar-quinze.png\" alt=\"Arnaud D\u00e9chelotte\"\/><script async src=\"https:\/\/platform.twitter.com\/widgets.js\" charset=\"utf-8\"><\/script><\/p>\n","protected":false},"excerpt":{"rendered":"C\u00e9dric Laborde reste fid\u00e8le \u00e0 sa formule. Depuis le d\u00e9but de cette Coupe du monde U20, le s\u00e9lectionneur&hellip;\n","protected":false},"author":2,"featured_media":232766,"comment_status":"","ping_status":"","sticky":false,"template":"","format":"standard","meta":{"footnotes":""},"categories":[1416],"tags":[1011,27,479,1468,60],"class_list":{"0":"post-232765","1":"post","2":"type-post","3":"status-publish","4":"format-standard","5":"has-post-thumbnail","7":"category-rugby","8":"tag-fr","9":"tag-france","10":"tag-rugby","11":"tag-rugby-football","12":"tag-sports"},"share_on_mastodon":{"url":"https:\/\/pubeurope.com\/@fr\/114812316906102509","error":""},"_links":{"self":[{"href":"https:\/\/www.europesays.com\/fr\/wp-json\/wp\/v2\/posts\/232765","targetHints":{"allow":["GET"]}}],"collection":[{"href":"https:\/\/www.europesays.com\/fr\/wp-json\/wp\/v2\/posts"}],"about":[{"href":"https:\/\/www.europesays.com\/fr\/wp-json\/wp\/v2\/types\/post"}],"author":[{"embeddable":true,"href":"https:\/\/www.europesays.com\/fr\/wp-json\/wp\/v2\/users\/2"}],"replies":[{"embeddable":true,"href":"https:\/\/www.europesays.com\/fr\/wp-json\/wp\/v2\/comments?post=232765"}],"version-history":[{"count":0,"href":"https:\/\/www.europesays.com\/fr\/wp-json\/wp\/v2\/posts\/232765\/revisions"}],"wp:featuredmedia":[{"embeddable":true,"href":"https:\/\/www.europesays.com\/fr\/wp-json\/wp\/v2\/media\/232766"}],"wp:attachment":[{"href":"https:\/\/www.europesays.com\/fr\/wp-json\/wp\/v2\/media?parent=232765"}],"wp:term":[{"taxonomy":"category","embeddable":true,"href":"https:\/\/www.europesays.com\/fr\/wp-json\/wp\/v2\/categories?post=232765"},{"taxonomy":"post_tag","embeddable":true,"href":"https:\/\/www.europesays.com\/fr\/wp-json\/wp\/v2\/tags?post=232765"}],"curies":[{"name":"wp","href":"https:\/\/api.w.org\/{rel}","templated":true}]}}