{"id":232767,"date":"2025-07-07T14:01:10","date_gmt":"2025-07-07T14:01:10","guid":{"rendered":"https:\/\/www.europesays.com\/fr\/232767\/"},"modified":"2025-07-07T14:01:10","modified_gmt":"2025-07-07T14:01:10","slug":"wimbledon-rublev-apres-sa-defaite-contre-alcaraz-je-lai-laisse-gagner-le-deuxieme-set","status":"publish","type":"post","link":"https:\/\/www.europesays.com\/fr\/232767\/","title":{"rendered":"Wimbledon > Rublev, apr\u00e8s sa d\u00e9faite contre Alcaraz : \u00ab\u00a0Je l&rsquo;ai laiss\u00e9 gagner le deuxi\u00e8me set\u00a0\u00bb"},"content":{"rendered":"<p><a href=\"https:\/\/www.welovetennis.fr\/wimbledon\/battu-par-alcaraz-rublev-nest-pas-resigne-cest-une-lecon-pour-moi-japprends-a-etre-plus-bienveillant-envers-moi-meme-aujourdhui-jai-reussi-a-rester-positif-jusquau-bout-et-a-me-bat\" data-wpel-link=\"internal\" rel=\"nofollow noopener\" target=\"_blank\">S\u2019il ne s\u2019est pas montr\u00e9 r\u00e9sign\u00e9<\/a> apr\u00e8s sa d\u00e9faite contre Carlos Alcaraz en huiti\u00e8mes de finale de Wimbledon, Andrey Rublev a tout de m\u00eame exprim\u00e9 quelques regrets dans des propos relay\u00e9s par <a href=\"https:\/\/www.puntodebreak.com\/2025\/07\/06\/lamento-rublev-deje-alcaraz-ganase-segundo-set-hiciera\" data-wpel-link=\"external\" target=\"_blank\" rel=\"nofollow external noopener\">Punto de Break<\/a>. <\/p>\n<p><strong>\u00ab\u202fCe n\u2019est pas facile d\u2019en parler, \u00e7a fait encore tr\u00e8s peu de temps que c\u2019est fini. \u00c7a a \u00e9t\u00e9 dur. J\u2019imagine que c\u2019est \u00e7a la diff\u00e9\u00adrence entre les meilleurs et moi. Quand je perds un peu ma concen\u00adtra\u00adtion, je perds le set. Je l\u2019ai laiss\u00e9 gagner le deuxi\u00e8me set sans rien faire. Ce n\u2019\u00e9taient que des erreurs de ma part. Des doubles fautes et des erreurs \u00e0 r\u00e9p\u00e9\u00adti\u00adtion. Le 5\u20133 est arriv\u00e9 d\u2019un coup. Dans le troi\u00adsi\u00e8me set, m\u00eame histoire. Je me suis effondr\u00e9 menta\u00adle\u00adment \u00e0 cause de ce qui s\u2019\u00e9tait pass\u00e9 dans le deuxi\u00e8me. Il \u00e9tait en confiance et moi, j\u2019avais le moral dans les chaus\u00adsettes. Il a compris que c\u2019\u00e9tait le moment de prendre le match \u00e0 son compte et il l\u2019a\u00a0fait.\u202f\u00bb<\/strong><\/p>\n<p class=\"post-published-date\" style=\"color: silver; font-size: 75%; text-align: left;\">Publi\u00e9 le lundi 7 juillet 2025 \u00e0 12:17<\/p>\n","protected":false},"excerpt":{"rendered":"S\u2019il ne s\u2019est pas montr\u00e9 r\u00e9sign\u00e9 apr\u00e8s sa d\u00e9faite contre Carlos Alcaraz en huiti\u00e8mes de finale de Wimbledon,&hellip;\n","protected":false},"author":2,"featured_media":232768,"comment_status":"","ping_status":"","sticky":false,"template":"","format":"standard","meta":{"footnotes":""},"categories":[1415],"tags":[1744,1011,27,60,1467],"class_list":{"0":"post-232767","1":"post","2":"type-post","3":"status-publish","4":"format-standard","5":"has-post-thumbnail","7":"category-tennis","8":"tag-alcaraz","9":"tag-fr","10":"tag-france","11":"tag-sports","12":"tag-tennis"},"share_on_mastodon":{"url":"https:\/\/pubeurope.com\/@fr\/114812320647218768","error":""},"_links":{"self":[{"href":"https:\/\/www.europesays.com\/fr\/wp-json\/wp\/v2\/posts\/232767","targetHints":{"allow":["GET"]}}],"collection":[{"href":"https:\/\/www.europesays.com\/fr\/wp-json\/wp\/v2\/posts"}],"about":[{"href":"https:\/\/www.europesays.com\/fr\/wp-json\/wp\/v2\/types\/post"}],"author":[{"embeddable":true,"href":"https:\/\/www.europesays.com\/fr\/wp-json\/wp\/v2\/users\/2"}],"replies":[{"embeddable":true,"href":"https:\/\/www.europesays.com\/fr\/wp-json\/wp\/v2\/comments?post=232767"}],"version-history":[{"count":0,"href":"https:\/\/www.europesays.com\/fr\/wp-json\/wp\/v2\/posts\/232767\/revisions"}],"wp:featuredmedia":[{"embeddable":true,"href":"https:\/\/www.europesays.com\/fr\/wp-json\/wp\/v2\/media\/232768"}],"wp:attachment":[{"href":"https:\/\/www.europesays.com\/fr\/wp-json\/wp\/v2\/media?parent=232767"}],"wp:term":[{"taxonomy":"category","embeddable":true,"href":"https:\/\/www.europesays.com\/fr\/wp-json\/wp\/v2\/categories?post=232767"},{"taxonomy":"post_tag","embeddable":true,"href":"https:\/\/www.europesays.com\/fr\/wp-json\/wp\/v2\/tags?post=232767"}],"curies":[{"name":"wp","href":"https:\/\/api.w.org\/{rel}","templated":true}]}}