{"id":232771,"date":"2025-07-07T14:04:18","date_gmt":"2025-07-07T14:04:18","guid":{"rendered":"https:\/\/www.europesays.com\/fr\/232771\/"},"modified":"2025-07-07T14:04:18","modified_gmt":"2025-07-07T14:04:18","slug":"la-sixieme-place-de-gasly-prouve-qualpine-peut-performer","status":"publish","type":"post","link":"https:\/\/www.europesays.com\/fr\/232771\/","title":{"rendered":"La sixi\u00e8me place de Gasly \u00ab\u00a0prouve qu&rsquo;Alpine peut performer\u00a0\u00bb"},"content":{"rendered":"<p>Le sc\u00e9nario assez incroyable du Grand Prix de Grande-Bretagne nous a offert de sacr\u00e9 rebondissements. Outre la premi\u00e8re victoire de <a href=\"https:\/\/fr.motorsport.com\/driver\/lando-norris\/289708\/\" target=\"_blank\" rel=\"noopener nofollow\">Lando Norris<\/a> \u00e0 domicile et le premier podium de <a href=\"https:\/\/fr.motorsport.com\/driver\/nico-hulkenberg\/84891\/\" target=\"_blank\" rel=\"noopener nofollow\">Nico H\u00fclkenberg<\/a> en Formule 1, de nombreux pilotes ont su dompter les conditions changeantes de Silverstone pour s&rsquo;offrir une tr\u00e8s belle course. \u00c7a a \u00e9t\u00e9 le cas de <a href=\"https:\/\/fr.motorsport.com\/driver\/pierre-gasly\/95098\/\" target=\"_blank\" rel=\"noopener nofollow\">Pierre Gasly<\/a>, qui a termin\u00e9 \u00e0 une impressionnante sixi\u00e8me place au terme d&rsquo;une \u00e9preuve sans-faute.\u00a0<\/p>\n<p>Les p\u00e9rip\u00e9ties ont commenc\u00e9 d\u00e8s le d\u00e9part. Le Fran\u00e7ais a eu un v\u00e9ritable boulevard devant lui au moment o\u00f9 les feux se sont \u00e9teints, apr\u00e8s que <a href=\"https:\/\/fr.motorsport.com\/driver\/george-russell\/96626\/\" target=\"_blank\" rel=\"noopener nofollow\">George Russell<\/a> et <a href=\"https:\/\/fr.motorsport.com\/driver\/charles-leclerc\/109632\/\" target=\"_blank\" rel=\"noopener nofollow\">Charles Leclerc<\/a>\u00a0\u2013 cinqui\u00e8me et sixi\u00e8me sur la grille\u00a0\u2013 se sont \u00e9lanc\u00e9s depuis la voie des stands apr\u00e8s avoir chang\u00e9 de pneumatiques \u00e0 la fin du tour de formation.\u00a0<\/p>\n<p>\u00ab\u00a0Honn\u00eatement, je ne sais m\u00eame pas par o\u00f9 commencer, parce qu&rsquo;en partant sixi\u00e8me [apr\u00e8s la d\u00e9cision de Russell et Leclerc], personne n&rsquo;aurait imagin\u00e9 qu&rsquo;on se retrouverait dans une position pareille \u00e0 se battre avec Fernando [Alonso, qui partait septi\u00e8me \u00e0 la base, puis cinqui\u00e8me] d\u00e8s le d\u00e9but de la course\u00a0\u00bb, a d\u00e9clar\u00e9 Gasly dimanche.<\/p>\n<p>\u00ab\u00a0J&rsquo;ai r\u00e9ussi \u00e0 le d\u00e9passer sous la pluie. Je me sentais super bien. J&rsquo;\u00e9tais juste derri\u00e8re Lewis [Hamilton], et j&rsquo;ai m\u00eame r\u00e9ussi \u00e0 le passer avant la voiture de s\u00e9curit\u00e9. \u00c0 la fin, je me suis retrouv\u00e9 \u00e0 me battre avec Max [Verstappen], qui \u00e9tait en pole hier. \u00c0 un moment, je me suis demand\u00e9 ce qui se passait dans ma course\u00a0!\u00a0\u00bb<\/p>\n<p>Lire aussi :<\/p>\n<p>Les d\u00e9boires du N\u00e9erlandais apr\u00e8s la relance d&rsquo;<a href=\"https:\/\/fr.motorsport.com\/driver\/oscar-piastri\/835356\/\" target=\"_blank\" rel=\"noopener nofollow\">Oscar Piastri<\/a> l&rsquo;ont fait d\u00e9gringoler dans le fond du top 10, l&rsquo;obligeant \u00e0 sortir les coudes pour remonter dans le peloton. En fin de course, le quadruple champion du monde s&rsquo;est retrouv\u00e9 \u00e0 la bataille avec Gasly, qui pendant un instant est parvenu \u00e0 menacer la <a href=\"https:\/\/fr.motorsport.com\/team\/red-bull\/553\/\" target=\"_blank\" rel=\"noopener nofollow\">Red Bull<\/a>.<\/p>\n<p>Lorsqu&rsquo;on lui a demand\u00e9 s&rsquo;il avait cru pouvoir d\u00e9passer Verstappen \u00e0 un moment de la course, le pilote <a href=\"https:\/\/fr.motorsport.com\/team\/alpine\/37490\/\" target=\"_blank\" rel=\"noopener nofollow\">Alpine<\/a> a confi\u00e9\u00a0: \u00ab\u00a0J&rsquo;y ai vraiment cru, je poussais tr\u00e8s fort. Ils \u00e9taient tr\u00e8s rapides en ligne droite, donc je revenais dans certaines portions. La d\u00e9tection DRS est au bout des lignes droites, apr\u00e8s le virage 2. M\u00eame dans le dernier virage, je revenais assez proche, mais il reprenait de l&rsquo;avance et \u00e0 la d\u00e9tection, je n&rsquo;\u00e9tais pas assez pr\u00e8s.\u00a0\u00bb<\/p>\n<p>\u00ab\u00a0Je l&rsquo;ai eu une fois apr\u00e8s Maggots-Becketts. J&rsquo;\u00e9tais pas loin pendant quelques tours, mais il faut \u00eatre content de ce qu&rsquo;on a fait. Il \u00e9tait en pole hier, sur le podium plein de fois cette ann\u00e9e, donc oui, \u00e7a m&rsquo;a travers\u00e9 l&rsquo;esprit. Malheureusement, on n&rsquo;avait pas tout ce qu&rsquo;il fallait pour le faire.\u00a0\u00bb<\/p>\n<p>   <img decoding=\"async\" draggable=\"false\" src=\"https:\/\/www.europesays.com\/fr\/wp-content\/uploads\/2025\/07\/lance-stroll-aston-martin-raci.jpg\" alt=\"Pierre Gasly derri\u00e8re l'Aston Martin de Lance Stroll.\" width=\"1200\" height=\"800\" loading=\"lazy\"\/> <\/p>\n<p class=\"title\">Pierre Gasly derri\u00e8re l&rsquo;Aston Martin de Lance Stroll.<\/p>\n<p class=\"photographer\">Photo de: Simon Galloway \/ LAT Images via Getty Images<\/p>\n<p>\u00ab\u00a0On a pris des risques, mais les bons\u00a0\u00bb, a ajout\u00e9 Gasly. \u00ab\u00a0Toutes les d\u00e9cisions \u00e9taient justes, la strat\u00e9gie \u00e9tait parfaite, les arr\u00eats au stand impeccables. On a tir\u00e9 le maximum de ces conditions. J&rsquo;ai r\u00e9ussi \u00e0 d\u00e9fendre ma position au bon moment, sans perdre trop de temps. Au final, je suis vraiment fier de toute l&rsquo;\u00e9quipe. Cette ann\u00e9e est tr\u00e8s compliqu\u00e9e pour tout le monde. On sait que la voiture n&rsquo;est pas \u00e0 la place qu&rsquo;on voudrait, mais chaque jour, on donne tout. Aujourd&rsquo;hui, \u00e7a prouve qu&rsquo;on peut performer et saisir les opportunit\u00e9s quand elles se pr\u00e9sentent. Je suis tr\u00e8s fier d&rsquo;eux et tr\u00e8s heureux.\u00a0\u00bb<\/p>\n<p>\u00ab\u00a0Sur le sec, je savais que \u00e7a serait compliqu\u00e9, pour des raisons qu&rsquo;on conna\u00eet tous sur ce circuit. C&rsquo;\u00e9tait d\u00e9licat, mais dans ces conditions changeantes, g\u00e9rer les pneus, attaquer sur les pneus pluie, sur des gommes neuves ou d\u00e9truites\u2026 On a vraiment tir\u00e9 le meilleur parti de tout \u00e7a. Ce n&rsquo;\u00e9tait pas facile, il y avait plein de pi\u00e8ges. On a r\u00e9ussi \u00e0 tous les \u00e9viter. Au final, c&rsquo;est presque une journ\u00e9e parfaite pour nous.\u00a0\u00bb<\/p>\n<p>Interrog\u00e9 sur un moment marquant de cette \u00e9preuve haute en couleur, Gasly s&rsquo;est empress\u00e9 de l\u00e2cher : \u00ab\u00a0Toute la course. Chaque tour, c&rsquo;\u00e9tait compliqu\u00e9. Il fallait rester en piste, mais en m\u00eame temps, ce sont ces moments o\u00f9 tu sais que tu n&rsquo;as rien \u00e0 perdre et tout \u00e0 gagner. Tu sais que les autres vont aussi jauger les risques qu&rsquo;ils prennent. Ce sont ces moments-l\u00e0 o\u00f9 je sais que j&rsquo;ai beaucoup \u00e0 gagner. Je dois juste y aller, \u00eatre \u00e0 la limite sans la d\u00e9passer. J&rsquo;adore ce genre de conditions.\u00a0\u00bb<\/p>\n<blockquote>\n<p>Je sais que je performe \u00e0 un tr\u00e8s haut niveau avec la voiture que j&rsquo;ai aujourd&rsquo;hui. Est-ce que c&rsquo;est mon meilleur niveau ? C&rsquo;est compliqu\u00e9 \u00e0 dire, mais je sais qu&rsquo;en ce moment, je ne peux pas en tirer plus.<\/p>\n<\/blockquote>\n<p>Le week-end anglais du Fran\u00e7ais n&rsquo;avait pourtant pas bien commenc\u00e9. En grande difficult\u00e9 lors des premiers essais libres de vendredi, Gasly a su retourner la situation au volant d&rsquo;une Alpine peu performante, une image qui illustre bien sa saison actuelle. Malgr\u00e9 une monoplace qui maintient l&rsquo;\u00e9curie fran\u00e7aise \u00e0 la derni\u00e8re place du classement constructeurs, elle compte tout de m\u00eame 19 points, tous inscrits par Pierre Gasly.\u00a0<\/p>\n<p>Le pilote a r\u00e9ussi \u00e0 placer son A525 de nombreuses fois en Q3 cette ann\u00e9e et de mani\u00e8re assez inesp\u00e9r\u00e9e. Lorsqu&rsquo;on lui demande s&rsquo;il performe \u00e0 son meilleur niveau cette saison, il a d\u00e9clar\u00e9 : \u00ab\u00a0C&rsquo;est toujours difficile \u00e0 \u00e9valuer, mais je sais que je performe \u00e0 un tr\u00e8s haut niveau avec la voiture que j&rsquo;ai aujourd&rsquo;hui. Est-ce que c&rsquo;est mon meilleur niveau ? C&rsquo;est compliqu\u00e9 \u00e0 dire, mais je sais qu&rsquo;en ce moment, je ne peux pas en tirer plus. J&rsquo;ai r\u00e9ussi \u00e0 le faire hier en Q1, Q2 et Q3. Pareil en course aujourd&rsquo;hui.\u00a0\u00bb<\/p>\n<p>\u00ab\u00a0Je suis content. Ce n&rsquo;est pas la premi\u00e8re fois que j&rsquo;affronte des d\u00e9fis dans ma carri\u00e8re. Je dois continuer \u00e0 tout donner, \u00e0 donner le meilleur \u00e0 chaque sortie, m\u00eame dans des conditions difficiles. \u00c7a motive tout le monde, mais c&rsquo;est ce que je suis\u00a0: un battant, un guerrier, et je pousse toujours l&rsquo;\u00e9quipe \u00e0 fond.\u00a0\u00bb<\/p>\n<p>Une sixi\u00e8me place qui ravive les troupes<br \/>\n   <img decoding=\"async\" draggable=\"false\" src=\"https:\/\/www.europesays.com\/fr\/wp-content\/uploads\/2025\/07\/esteban-ocon-alpine-f1-team-2n.jpg\" alt=\"Pierre Gasly et Esteban Ocon avaient inscrit un double podium apr\u00e8s un GP de S\u00e3o Paulo 2024 compl\u00e8tement fou.\" width=\"1200\" height=\"800\" loading=\"lazy\"\/> <\/p>\n<p class=\"title\">Pierre Gasly et Esteban Ocon avaient inscrit un double podium apr\u00e8s un GP de S\u00e3o Paulo 2024 compl\u00e8tement fou.<\/p>\n<p class=\"photographer\">Photo de: Zak Mauger \/ Motorsport Images<\/p>\n<p>Alors qu&rsquo;Alpine traverse une saison particuli\u00e8rement compliqu\u00e9e, Gasly a compar\u00e9 l&rsquo;importance de cette sixi\u00e8me place \u00e0 celle du double podium d\u00e9croch\u00e9 avec <a href=\"https:\/\/fr.motorsport.com\/driver\/esteban-ocon\/95096\/\" target=\"_blank\" rel=\"noopener nofollow\">Esteban Ocon<\/a> lors du Grand Prix de S\u00e3o Paulo 2024, soulignant l&rsquo;impact que ce genre de r\u00e9sultat peut avoir sur la motivation de toute l&rsquo;\u00e9quipe.<\/p>\n<p>\u00ab\u00a0Je pense que l&rsquo;an dernier, notre niveau de performance global, par rapport aux autres, \u00e9tait bien meilleur\u00a0\u00bb, a-t-il confi\u00e9. \u00ab\u00a0La voiture \u00e9tait meilleure, on est mont\u00e9s sur le podium, c&rsquo;\u00e9tait incroyable. Mais cette ann\u00e9e, je sens qu&rsquo;on est moins bien plac\u00e9s, que les autres ont un meilleur package.\u00a0Cette sixi\u00e8me place vaut probablement autant [que le double podium du Br\u00e9sil].\u00a0\u00bb<\/p>\n<p>\u00ab\u00a0On est tous tr\u00e8s contents, surtout de le faire ici \u00e0 Silverstone. Je sais que beaucoup de gars de l&rsquo;usine \u00e9taient l\u00e0. On avait vraiment besoin de ce boost, parce qu&rsquo;on a tous le regard tourn\u00e9 vers l&rsquo;an prochain. Mais pour que tout le monde continue \u00e0 travailler aussi dur, il faut aussi un peu d&rsquo;\u00e9nergie et de motivation suppl\u00e9mentaires, et je suis s\u00fbr qu&rsquo;aujourd&rsquo;hui \u00e7a va leur en donner.\u00a0\u00bb<\/p>\n<p>Lire aussi :<\/p>\n<p>Dans cet article<\/p>\n<p>    T\u00e9ha Courbon\n<\/p>\n<p>    Formule 1\n<\/p>\n<p>    Pierre Gasly\n<\/p>\n<p>    Alpine\n<\/p>\n<p>Soyez le premier inform\u00e9 et souscrivez aux alertes mails pour recevoir les infos en temps r\u00e9el<\/p>\n<p>    S&rsquo;abonner aux alertes de news<\/p>\n","protected":false},"excerpt":{"rendered":"Le sc\u00e9nario assez incroyable du Grand Prix de Grande-Bretagne nous a offert de sacr\u00e9 rebondissements. Outre la premi\u00e8re&hellip;\n","protected":false},"author":2,"featured_media":232772,"comment_status":"","ping_status":"","sticky":false,"template":"","format":"standard","meta":{"footnotes":""},"categories":[1412],"tags":[2674,1451,1452,1453,1454,1455,1011,27,23124,2248,23125,60],"class_list":{"0":"post-232771","1":"post","2":"type-post","3":"status-publish","4":"format-standard","5":"has-post-thumbnail","7":"category-f1","8":"tag-alpine","9":"tag-f1","10":"tag-formula-1","11":"tag-formula1","12":"tag-formule-1","13":"tag-formule1","14":"tag-fr","15":"tag-france","16":"tag-gp-de-grande-bretagne","17":"tag-pierre-gasly","18":"tag-silverstone","19":"tag-sports"},"share_on_mastodon":{"url":"https:\/\/pubeurope.com\/@fr\/114812332594562098","error":""},"_links":{"self":[{"href":"https:\/\/www.europesays.com\/fr\/wp-json\/wp\/v2\/posts\/232771","targetHints":{"allow":["GET"]}}],"collection":[{"href":"https:\/\/www.europesays.com\/fr\/wp-json\/wp\/v2\/posts"}],"about":[{"href":"https:\/\/www.europesays.com\/fr\/wp-json\/wp\/v2\/types\/post"}],"author":[{"embeddable":true,"href":"https:\/\/www.europesays.com\/fr\/wp-json\/wp\/v2\/users\/2"}],"replies":[{"embeddable":true,"href":"https:\/\/www.europesays.com\/fr\/wp-json\/wp\/v2\/comments?post=232771"}],"version-history":[{"count":0,"href":"https:\/\/www.europesays.com\/fr\/wp-json\/wp\/v2\/posts\/232771\/revisions"}],"wp:featuredmedia":[{"embeddable":true,"href":"https:\/\/www.europesays.com\/fr\/wp-json\/wp\/v2\/media\/232772"}],"wp:attachment":[{"href":"https:\/\/www.europesays.com\/fr\/wp-json\/wp\/v2\/media?parent=232771"}],"wp:term":[{"taxonomy":"category","embeddable":true,"href":"https:\/\/www.europesays.com\/fr\/wp-json\/wp\/v2\/categories?post=232771"},{"taxonomy":"post_tag","embeddable":true,"href":"https:\/\/www.europesays.com\/fr\/wp-json\/wp\/v2\/tags?post=232771"}],"curies":[{"name":"wp","href":"https:\/\/api.w.org\/{rel}","templated":true}]}}