{"id":232775,"date":"2025-07-07T14:06:14","date_gmt":"2025-07-07T14:06:14","guid":{"rendered":"https:\/\/www.europesays.com\/fr\/232775\/"},"modified":"2025-07-07T14:06:14","modified_gmt":"2025-07-07T14:06:14","slug":"la-reserve-delaissee-par-les-2005-pour-sa-reprise","status":"publish","type":"post","link":"https:\/\/www.europesays.com\/fr\/232775\/","title":{"rendered":"la r\u00e9serve d\u00e9laiss\u00e9e par les 2005 pour sa reprise"},"content":{"rendered":"<p>                            <img width=\"770\" height=\"433\" src=\"https:\/\/www.europesays.com\/fr\/wp-content\/uploads\/2025\/07\/IMG_2533-770x433.jpg\" class=\"attachment-article size-article wp-post-image\" alt=\"Gue\u00efda Fofana, entra\u00eeneur de la r\u00e9serve de l'OL\" decoding=\"async\" fetchpriority=\"high\"  \/><\/p>\n<p>Gue\u00efda Fofana, entra\u00eeneur de la r\u00e9serve de l\u2019OL (cr\u00e9dit : David Hernandez)<\/p>\n<p>Ce lundi marque \u00e9galement la reprise pour la r\u00e9serve de l\u2019OL. Toujours en poste, Gue\u00efda Fofana va composer avec un groupe largement remodel\u00e9, en raison notamment des d\u00e9parts de nombreux joueurs de la g\u00e9n\u00e9ration 2005.<\/p>\n<p>Avec une place dans le haut du classement en National 3 et une finale de Premier League International Cup, la r\u00e9serve de l\u2019OL a plut\u00f4t bien r\u00e9ussi sa saison pass\u00e9e. Quand Gue\u00efda\u00a0<strong>Fofana<\/strong>\u00a0avait l\u2019habitude de faire tourner \u00e0 de (trop\u202f?) nombreuses reprises lors des exercices pr\u00e9c\u00e9dents, le coach s\u2019est avant tout appuy\u00e9 sur une ossature exp\u00e9riment\u00e9e en 2024-2025. Cela a eu un impact positif dans les r\u00e9sultats, mais comme chaque \u00e9t\u00e9, l\u2019entra\u00eeneur lyonnais va presque devoir repartir d\u2019une feuille blanche. La g\u00e9n\u00e9ration 2005, qui a grandement aid\u00e9 \u00e0 la belle saison pass\u00e9e, va manquer \u00e0 l\u2019appel ce lundi pour la reprise de l\u2019entra\u00eenement.<\/p>\n<p>Les 2006 pour reprendre le flambeau ?<\/p>\n<p>\u00c0 l\u2019image de Lilian\u00a0<strong><a href=\"https:\/\/www.olympique-et-lyonnais.com\/lilian-coponat-ex-ol-lacademie-est-un-peu-delaissee,369386.html\" rel=\"nofollow noopener\" target=\"_blank\">Coponat<\/a><\/strong>, qui n\u2019a pas re\u00e7u d\u2019offre pour signer pro \u00e0 l\u2019OL, de nombreux joueurs cadres vont briller par leur absence. Il est notamment question de Romain\u00a0<strong><a href=\"https:\/\/www.olympique-et-lyonnais.com\/ol-mercato-ou-jouera-romain-perret,369560.html\" rel=\"nofollow noopener\" target=\"_blank\">Perret<\/a><\/strong>\u00a0et Mathys\u00a0<strong>De Carvalho<\/strong>, tous deux en recherche d\u2019un nouveau challenge loin de D\u00e9cines. Avec la pr\u00e9sence de Yacine\u00a0<strong>Cha\u00efb<\/strong>\u00a0dans le groupe pro pour ce d\u00e9but de pr\u00e9paration estivale, il ne devrait plus avoir de survivants de la g\u00e9n\u00e9ration 2005 sous les ordres de Gue\u00efda\u00a0<strong>Fofana<\/strong>. Le cycle de la vie d\u2019une r\u00e9serve qui devrait d\u00e9sormais faire la part belle \u00e0 la g\u00e9n\u00e9ration suivante avec les 2006 de Daryll\u00a0<strong>Benlahlou<\/strong>\u00a0ou Erawan\u00a0<strong>Garnier<\/strong>.<\/p>\n<p>\t\t\t\t\t<a href=\"https:\/\/www.olympique-et-lyonnais.com\/mercato-lol-pret-a-se-separer-de-quatre-joueurs-en-priorite,369756.html\" title=\"Mercato : l\u2019OL pr\u00eat \u00e0 se s\u00e9parer de quatre joueurs en priorit\u00e9 ?\" rel=\"nofollow noopener\" target=\"_blank\"><img loading=\"lazy\" width=\"580\" height=\"326\" src=\"https:\/\/www.europesays.com\/fr\/wp-content\/uploads\/2025\/07\/AFP__20241201__36NY2J4__v1__HighRes__FblFraLigue1LyonNice-580x326.jpg\" class=\"attachment-actularge size-actularge wp-post-image\" alt=\"Nemanja Matic au duel avec Evann Guessand lors d'OL - Nice\" decoding=\"async\"  \/>\t\t\t\t\t<\/a><\/p>\n","protected":false},"excerpt":{"rendered":"Gue\u00efda Fofana, entra\u00eeneur de la r\u00e9serve de l\u2019OL (cr\u00e9dit : David Hernandez) Ce lundi marque \u00e9galement la reprise&hellip;\n","protected":false},"author":2,"featured_media":232776,"comment_status":"","ping_status":"","sticky":false,"template":"","format":"standard","meta":{"footnotes":""},"categories":[1410],"tags":[63,1011,27,241,978,60],"class_list":{"0":"post-232775","1":"post","2":"type-post","3":"status-publish","4":"format-standard","5":"has-post-thumbnail","7":"category-football","8":"tag-football","9":"tag-fr","10":"tag-france","11":"tag-ol","12":"tag-olympique-lyonnais","13":"tag-sports"},"share_on_mastodon":{"url":"https:\/\/pubeurope.com\/@fr\/114812340608096914","error":""},"_links":{"self":[{"href":"https:\/\/www.europesays.com\/fr\/wp-json\/wp\/v2\/posts\/232775","targetHints":{"allow":["GET"]}}],"collection":[{"href":"https:\/\/www.europesays.com\/fr\/wp-json\/wp\/v2\/posts"}],"about":[{"href":"https:\/\/www.europesays.com\/fr\/wp-json\/wp\/v2\/types\/post"}],"author":[{"embeddable":true,"href":"https:\/\/www.europesays.com\/fr\/wp-json\/wp\/v2\/users\/2"}],"replies":[{"embeddable":true,"href":"https:\/\/www.europesays.com\/fr\/wp-json\/wp\/v2\/comments?post=232775"}],"version-history":[{"count":0,"href":"https:\/\/www.europesays.com\/fr\/wp-json\/wp\/v2\/posts\/232775\/revisions"}],"wp:featuredmedia":[{"embeddable":true,"href":"https:\/\/www.europesays.com\/fr\/wp-json\/wp\/v2\/media\/232776"}],"wp:attachment":[{"href":"https:\/\/www.europesays.com\/fr\/wp-json\/wp\/v2\/media?parent=232775"}],"wp:term":[{"taxonomy":"category","embeddable":true,"href":"https:\/\/www.europesays.com\/fr\/wp-json\/wp\/v2\/categories?post=232775"},{"taxonomy":"post_tag","embeddable":true,"href":"https:\/\/www.europesays.com\/fr\/wp-json\/wp\/v2\/tags?post=232775"}],"curies":[{"name":"wp","href":"https:\/\/api.w.org\/{rel}","templated":true}]}}