{"id":232779,"date":"2025-07-07T14:08:15","date_gmt":"2025-07-07T14:08:15","guid":{"rendered":"https:\/\/www.europesays.com\/fr\/232779\/"},"modified":"2025-07-07T14:08:15","modified_gmt":"2025-07-07T14:08:15","slug":"les-petits-carnets-du-poufre-setois-quand-la-sculpture-qui-a-fait-le-buzz-lors-descale-2024-touchera-t-elle-londe","status":"publish","type":"post","link":"https:\/\/www.europesays.com\/fr\/232779\/","title":{"rendered":"Les petits carnets du Poufre s\u00e9tois\u00a0: quand la sculpture qui a fait le buzz lors d\u2019Escale 2024 touchera-t-elle l\u2019onde\u00a0?"},"content":{"rendered":"<p>\n                                                                Tous les lundis, il pose ses ventouses sur l\u2019actualit\u00e9 locale. Ce 7\u00a0juin, avant de partir en vacances, il s\u2019inqui\u00e8te du sort d\u2019une \u0153uvre cr\u00e9\u00e9e durant Escale \u00e0 S\u00e8te.\n                            <\/p>\n<p>Gr\u00e2ce \u00e0 ses nombreux cerveaux, notre bon Poufre est, de fait, dot\u00e9 d\u2019une m\u00e9moire d\u2019un fort beau gabarit. Il se souvient donc que lors de la derni\u00e8re \u00e9dition d\u2019Escale \u00e0 S\u00e8te, une structure avait fait le buzz. C\u2019\u00e9tait une sculpture \u00e0 base d\u2019hu\u00eetres de l\u2019artiste multit\u00e2che s\u00e9tois, Gauthier Fleuri. Cette cr\u00e9ation \u00e9tait destin\u00e9e \u00e0 terme \u00e0 partir dans les fonds marins pour devenir un habitat \u00e0 poisson. Un r\u00e9cif artificiel \u00e0 coloniser. Et depuis\u00a0? Rien. Rien du tout.<\/p>\n<p>Elle n\u2019a toujours pas touch\u00e9 l\u2019eau<\/p>\n<p>En raison du million (au bas mot) d\u2019autorisations n\u00e9cessaires pour ce genre d\u2019op\u00e9rations et d\u2019un certain manque de courage politique pour prendre le dossier \u00e0 bras-le-corps, cette structure n\u2019a toujours pas touch\u00e9 l\u2019onde. Un muge de l\u2019\u00e9tang a gliss\u00e9 au c\u00e9phalopode qu\u2019avant la cr\u00e9ation du sentier sous-marin de M\u00e8ze \u2013 le premier dans la lagune de Thau \u2013 il avait \u00e9t\u00e9 envisag\u00e9 une installation de l\u2019\u0153uvre au fond de l\u2019\u00e9tang. Mais cela n\u2019est pas all\u00e9 plus loin pour des raisons que l\u2019animal tentaculaire n\u2019a pas pu\u00a0savoir. Comme c\u2019est \u00e0 la mode, le Poufre va lancer une application de paris. L\u00e0, les internautes pourront miser sur la date de mise \u00e0 l\u2019eau de la sculpture. Ce sera-t-il avant Escale \u00e0 S\u00e8te 2026\u00a0? Les paris sont ouverts.<\/p>\n<p>En cette saison estivale, et alors que les touristes prennent S\u00e8te d\u2019assaut, le Poufre part se dorer les tentacules en des coins plus repos\u00e9s. Il reviendra plus en forme (et bronz\u00e9) que jamais en septembre\u2026<\/p>\n","protected":false},"excerpt":{"rendered":"Tous les lundis, il pose ses ventouses sur l\u2019actualit\u00e9 locale. Ce 7\u00a0juin, avant de partir en vacances, il&hellip;\n","protected":false},"author":2,"featured_media":232780,"comment_status":"","ping_status":"","sticky":false,"template":"","format":"standard","meta":{"footnotes":""},"categories":[1358],"tags":[1348,1384,1385,1386,58,59,1011,27],"class_list":{"0":"post-232779","1":"post","2":"type-post","3":"status-publish","4":"format-standard","5":"has-post-thumbnail","7":"category-arts-et-design","8":"tag-arts","9":"tag-arts-and-design","10":"tag-arts-et-design","11":"tag-design","12":"tag-divertissement","13":"tag-entertainment","14":"tag-fr","15":"tag-france"},"share_on_mastodon":{"url":"https:\/\/pubeurope.com\/@fr\/114812348461777629","error":""},"_links":{"self":[{"href":"https:\/\/www.europesays.com\/fr\/wp-json\/wp\/v2\/posts\/232779","targetHints":{"allow":["GET"]}}],"collection":[{"href":"https:\/\/www.europesays.com\/fr\/wp-json\/wp\/v2\/posts"}],"about":[{"href":"https:\/\/www.europesays.com\/fr\/wp-json\/wp\/v2\/types\/post"}],"author":[{"embeddable":true,"href":"https:\/\/www.europesays.com\/fr\/wp-json\/wp\/v2\/users\/2"}],"replies":[{"embeddable":true,"href":"https:\/\/www.europesays.com\/fr\/wp-json\/wp\/v2\/comments?post=232779"}],"version-history":[{"count":0,"href":"https:\/\/www.europesays.com\/fr\/wp-json\/wp\/v2\/posts\/232779\/revisions"}],"wp:featuredmedia":[{"embeddable":true,"href":"https:\/\/www.europesays.com\/fr\/wp-json\/wp\/v2\/media\/232780"}],"wp:attachment":[{"href":"https:\/\/www.europesays.com\/fr\/wp-json\/wp\/v2\/media?parent=232779"}],"wp:term":[{"taxonomy":"category","embeddable":true,"href":"https:\/\/www.europesays.com\/fr\/wp-json\/wp\/v2\/categories?post=232779"},{"taxonomy":"post_tag","embeddable":true,"href":"https:\/\/www.europesays.com\/fr\/wp-json\/wp\/v2\/tags?post=232779"}],"curies":[{"name":"wp","href":"https:\/\/api.w.org\/{rel}","templated":true}]}}