{"id":232781,"date":"2025-07-07T14:09:16","date_gmt":"2025-07-07T14:09:16","guid":{"rendered":"https:\/\/www.europesays.com\/fr\/232781\/"},"modified":"2025-07-07T14:09:16","modified_gmt":"2025-07-07T14:09:16","slug":"la-bibliotheque-ludotheque-damay-fermee-jusquau-28-juillet-inclus","status":"publish","type":"post","link":"https:\/\/www.europesays.com\/fr\/232781\/","title":{"rendered":"La Biblioth\u00e8que-ludoth\u00e8que d&rsquo;Amay ferm\u00e9e jusqu&rsquo;au 28\u00a0juillet inclus"},"content":{"rendered":"<p class=\"ap-StoryElement ap-StoryElement--mb ap-StoryText\">La Biblioth\u00e8que-ludoth\u00e8que d&rsquo;Amay sera ferm\u00e9e jusqu&rsquo;au 28\u00a0juillet, cet \u00e9t\u00e9.\u200aIl sera donc impossible d&rsquo;y retirer livre et jouets mais aussi de rendre ceux qui avaient \u00e9t\u00e9 emprunt\u00e9s. \u00ab\u00a0Sans p\u00e9nalit\u00e9 de retard, rassure d&#8217;embl\u00e9e le bourgmestre Samuel Moiny. La prolongation des pr\u00eats se fera automatiquement. Notre g\u00e9rante est sous certificat m\u00e9dical.\u200aC&rsquo;est vrai que nous avions pr\u00e9c\u00e9demment trouv\u00e9 une solution de remplacement dans le m\u00eame cas de figure, mais il s&rsquo;agissait \u00e0 l&rsquo;\u00e9poque d&rsquo;une absence plus longue.\u200aIl faut un mois d&rsquo;absence pour pouvoir la remplacer.\u200aDes personnes se sont aussi propos\u00e9es pour tenir b\u00e9n\u00e9volement la biblioth\u00e8que certains jours.\u200aMais la gestion des retraits et retours \u00e9tant informatis\u00e9e, c&rsquo;est inenvisageable sans une vraie formation.\u00a0\u00bb<\/p>\n","protected":false},"excerpt":{"rendered":"La Biblioth\u00e8que-ludoth\u00e8que d&rsquo;Amay sera ferm\u00e9e jusqu&rsquo;au 28\u00a0juillet, cet \u00e9t\u00e9.\u200aIl sera donc impossible d&rsquo;y retirer livre et jouets mais&hellip;\n","protected":false},"author":2,"featured_media":232782,"comment_status":"","ping_status":"","sticky":false,"template":"","format":"standard","meta":{"footnotes":""},"categories":[1357],"tags":[11,1379,11227,37170,6698,13208,1129,37173,37175,37176,27576,58,37164,37166,37167,4858,18051,59,2883,37172,13759,1011,27,37177,37168,1222,37165,20755,10998,37169,1380,2487,8527,37174,2742,3242,1241,12817,4904,27682,27477,10027,27275,1245,29398,37171],"class_list":{"0":"post-232781","1":"post","2":"type-post","3":"status-publish","4":"format-standard","5":"has-post-thumbnail","7":"category-livres","8":"tag-actualites","9":"tag-books","10":"tag-brule","11":"tag-burnt","12":"tag-canicule","13":"tag-chaleur","14":"tag-climat","15":"tag-climate","16":"tag-color","17":"tag-colour","18":"tag-couleur","19":"tag-divertissement","20":"tag-dog-days","21":"tag-drought","22":"tag-dryness","23":"tag-eau","24":"tag-ensoleille","25":"tag-entertainment","26":"tag-ete","27":"tag-flora","28":"tag-flore","29":"tag-fr","30":"tag-france","31":"tag-gazon","32":"tag-grass","33":"tag-heat","34":"tag-heat-wave","35":"tag-herbe","36":"tag-jaune","37":"tag-lawn","38":"tag-livres","39":"tag-meteo","40":"tag-meteorologie","41":"tag-meteorology","42":"tag-nature","43":"tag-saison","44":"tag-season","45":"tag-secheresse","46":"tag-soleil","47":"tag-summer","48":"tag-sun","49":"tag-sunny","50":"tag-turf","51":"tag-warmth","52":"tag-water","53":"tag-yellow"},"share_on_mastodon":{"url":"https:\/\/pubeurope.com\/@fr\/114812352199997425","error":""},"_links":{"self":[{"href":"https:\/\/www.europesays.com\/fr\/wp-json\/wp\/v2\/posts\/232781","targetHints":{"allow":["GET"]}}],"collection":[{"href":"https:\/\/www.europesays.com\/fr\/wp-json\/wp\/v2\/posts"}],"about":[{"href":"https:\/\/www.europesays.com\/fr\/wp-json\/wp\/v2\/types\/post"}],"author":[{"embeddable":true,"href":"https:\/\/www.europesays.com\/fr\/wp-json\/wp\/v2\/users\/2"}],"replies":[{"embeddable":true,"href":"https:\/\/www.europesays.com\/fr\/wp-json\/wp\/v2\/comments?post=232781"}],"version-history":[{"count":0,"href":"https:\/\/www.europesays.com\/fr\/wp-json\/wp\/v2\/posts\/232781\/revisions"}],"wp:featuredmedia":[{"embeddable":true,"href":"https:\/\/www.europesays.com\/fr\/wp-json\/wp\/v2\/media\/232782"}],"wp:attachment":[{"href":"https:\/\/www.europesays.com\/fr\/wp-json\/wp\/v2\/media?parent=232781"}],"wp:term":[{"taxonomy":"category","embeddable":true,"href":"https:\/\/www.europesays.com\/fr\/wp-json\/wp\/v2\/categories?post=232781"},{"taxonomy":"post_tag","embeddable":true,"href":"https:\/\/www.europesays.com\/fr\/wp-json\/wp\/v2\/tags?post=232781"}],"curies":[{"name":"wp","href":"https:\/\/api.w.org\/{rel}","templated":true}]}}