{"id":232795,"date":"2025-07-07T14:16:15","date_gmt":"2025-07-07T14:16:15","guid":{"rendered":"https:\/\/www.europesays.com\/fr\/232795\/"},"modified":"2025-07-07T14:16:15","modified_gmt":"2025-07-07T14:16:15","slug":"le-nouveau-velo-electrique-vefaa-veut-allier-le-meilleur-de-tous-les-mondes","status":"publish","type":"post","link":"https:\/\/www.europesays.com\/fr\/232795\/","title":{"rendered":"le nouveau v\u00e9lo \u00e9lectrique Vefaa veut allier le meilleur de tous les mondes"},"content":{"rendered":"<p>La jeune marque Vefaa a exhib\u00e9 un prototype de v\u00e9lo \u00e9lectrique, nomm\u00e9 Contour, aux Prodays\u00a02025. Pr\u00e9vu pour le printemps\u00a02026, ce mod\u00e8le semble r\u00e9pondre \u00e0 une certaine tendance qui \u00e9merge de plus en plus ces derniers mois\u00a0: celle des v\u00e9los compacts.<\/p>\n<p><a href=\"https:\/\/images.frandroid.com\/wp-content\/uploads\/2025\/07\/vefaa-contour-11-watermarked-2.jpeg\" target=\"_blank\" class=\"article-content__figure\" rel=\"nofollow noopener\"><img fetchpriority=\"high\" decoding=\"async\" loading=\"eager\" width=\"1200\" height=\"900\" src=\"https:\/\/www.europesays.com\/fr\/wp-content\/uploads\/2025\/07\/vefaa-contour-11-watermarked-2.jpeg\" alt=\"Vefaa Contour 11-watermarked\" class=\"wp-image-2722833 wp-image wp-image\"  \/><\/a>Source : Gr\u00e9goire Huvelin \u2013 Frandroid<\/p>\n<p>Pr\u00e9sent\u00e9 pour la premi\u00e8re fois au salon Prodays\u00a02025, qui se tient \u00e0 Paris du 6 au 8\u00a0juillet, le Vefaa Contour n\u2019est encore qu\u2019un prototype. Il s\u2019agira, \u00e0 terme, du troisi\u00e8me <a href=\"https:\/\/www.frandroid.com\/guide-dachat\/guides-dachat-survoltes\/guides-dachat-velos-electriques\/917361_guide-achat-choisir-meilleurs-velos-electriques-vae\" rel=\"nofollow noopener\" target=\"_blank\">v\u00e9lo \u00e9lectrique<\/a> de la gamme Vefaa apr\u00e8s le <a href=\"https:\/\/www.frandroid.com\/survoltes\/velo-electrique\/2591773_avec-son-freinage-regeneratif-ce-nouveau-vtc-electrique-francais-veut-casser-les-codes\" rel=\"nofollow noopener\" target=\"_blank\">Vefaa Parcours<\/a> et le <a href=\"https:\/\/www.frandroid.com\/survoltes\/velo-electrique\/2006634_du-freinage-regeneratif-sur-un-velo-electrique-cest-possible-et-tres-cool-on-la-meme-essaye-sur-le-vefaa\" rel=\"nofollow noopener\" target=\"_blank\">Vefaa Bonjour<\/a>. Le Contour, lui, se d\u00e9marque sur un point en particulier\u00a0: son format compact.<\/p>\n<p>Guidon pliable<\/p>\n<p>153\u00a0centim\u00e8tres de long, 26\u00a0centim\u00e8tres de large une fois le guidon pli\u00e9 \u2013 oui, il se plie dans l\u2019axe du v\u00e9lo \u2013 pneus Schwalbe Super Moto X de 2,4\u00a0pouces de large en 20\u00a0pouces\u00a0: les dimensions sont r\u00e9duites au maximum pour en faire le VAE le plus pratique possible au quotidien. C\u2019est une approche int\u00e9ressante, car les v\u00e9los compacts ne courent pas les rues.<\/p>\n<p>\t\t\t\t\t\t<a href=\"https:\/\/images.frandroid.com\/wp-content\/uploads\/2025\/07\/vefaa-contour-12-watermarked.jpeg\" itemprop=\"url\" rel=\"nofollow noopener\" target=\"_blank\"><\/p>\n<p>\t\t\t\t\t\t\t<img decoding=\"async\" class=\"wp-image\" src=\"https:\/\/www.europesays.com\/fr\/wp-content\/uploads\/2025\/07\/vefaa-contour-12-watermarked.jpeg\"  width=\"615\" height=\"461\" loading=\"lazy\" data-original-width=\"615\" data-original-height=\"461\" itemprop=\"http:\/\/schema.org\/image\" title=\"Vefaa Contour 12-watermarked\" alt=\"Vefaa Contour\" style=\"width: 615px; height: 461px;\"\/><br \/>\n\t\t\t\t\t\t<\/a><\/p>\n<p>\n\t\t\t\t\t\t\t\tSource : Gr\u00e9goire Huvelin \u2013 Frandroid\t\t\t\t\t\t\t<\/p>\n<p>\t\t\t\t\t\t<a href=\"https:\/\/images.frandroid.com\/wp-content\/uploads\/2025\/07\/vefaa-contour-5-watermarked.jpeg\" itemprop=\"url\" rel=\"nofollow noopener\" target=\"_blank\"><\/p>\n<p>\t\t\t\t\t\t\t<img decoding=\"async\" class=\"wp-image\" src=\"https:\/\/www.europesays.com\/fr\/wp-content\/uploads\/2025\/07\/vefaa-contour-5-watermarked.jpeg\"  width=\"305\" height=\"229\" loading=\"lazy\" data-original-width=\"305\" data-original-height=\"229\" itemprop=\"http:\/\/schema.org\/image\" title=\"Vefaa Contour 5-watermarked\" alt=\"Vefaa Contour\" style=\"width: 305px; height: 229px;\"\/><br \/>\n\t\t\t\t\t\t<\/a><\/p>\n<p>\n\t\t\t\t\t\t\t\tSource : Gr\u00e9goire Huvelin \u2013 Frandroid\t\t\t\t\t\t\t<\/p>\n<p>\t\t\t\t\t\t<a href=\"https:\/\/images.frandroid.com\/wp-content\/uploads\/2025\/07\/vefaa-contour-3-watermarked.jpeg\" itemprop=\"url\" rel=\"nofollow noopener\" target=\"_blank\"><\/p>\n<p>\t\t\t\t\t\t\t<img decoding=\"async\" class=\"wp-image\" src=\"https:\/\/www.europesays.com\/fr\/wp-content\/uploads\/2025\/07\/vefaa-contour-3-watermarked.jpeg\"  width=\"305\" height=\"228\" loading=\"lazy\" data-original-width=\"305\" data-original-height=\"228\" itemprop=\"http:\/\/schema.org\/image\" title=\"Vefaa Contour 3-watermarked\" alt=\"Vefaa Contour\" style=\"width: 305px; height: 228px;\"\/><br \/>\n\t\t\t\t\t\t<\/a><\/p>\n<p>\n\t\t\t\t\t\t\t\tSource : Gr\u00e9goire Huvelin \u2013 Frandroid\t\t\t\t\t\t\t<\/p>\n<p>Si de plus en plus de marques commencent \u00e0 ajouter des mod\u00e8les compacts \u00e0 leur offre \u2013 Kalkhoff Image C Advance+, Winora Radius, Velo De\u00a0Ville KEB\u00a0590 \u2013 ce format reste aujourd\u2019hui minoritaire. Il a pourtant des avantages multiples, en termes d\u2019encombrement \u00e9videmment.<\/p>\n<p>Des enjeux techniques importants<\/p>\n<p>Il n\u2019emp\u00eache, un tel form factor implique des d\u00e9fis techniques sp\u00e9cifiques. \u00ab\u2009Faire petit, \u00e7a co\u00fbte plus cher. Rien que sur notre cadre, il y a des pi\u00e8ces \u00e0 repositionner, on a adapt\u00e9 le cadre en partant de l\u2019existant pour faire \u00e7a\u2009\u00bb, nous explique Roc Argiles, fondateur de la marque. \u00ab\u2009On a d\u00fb jouer avec les angles et les coupes\u2009\u00bb, poursuit notre interlocuteur.<\/p>\n<p>\u00c9videmment, le Contour s\u2019appuie sur l\u2019\u00e9cosyst\u00e8me d\u2019ebikeOS, test\u00e9 et approuv\u00e9 sur les autres v\u00e9los \u00e9lectriques du catalogue, tant pour ses agr\u00e9ments de conduite que pour son freinage r\u00e9g\u00e9n\u00e9ratif pertinent et bien pratique.<\/p>\n<p>\t\t\t\t\t\t<a href=\"https:\/\/images.frandroid.com\/wp-content\/uploads\/2025\/07\/vefaa-contour-8-watermarked.jpeg\" itemprop=\"url\" rel=\"nofollow noopener\" target=\"_blank\"><\/p>\n<p>\t\t\t\t\t\t\t<img decoding=\"async\" class=\"wp-image\" src=\"https:\/\/www.europesays.com\/fr\/wp-content\/uploads\/2025\/07\/vefaa-contour-8-watermarked.jpeg\"  width=\"460\" height=\"345\" loading=\"lazy\" data-original-width=\"460\" data-original-height=\"345\" itemprop=\"http:\/\/schema.org\/image\" title=\"Vefaa Contour 8-watermarked\" alt=\"Vefaa Contour 8-watermarked\" style=\"width: 460px; height: 345px;\"\/><br \/>\n\t\t\t\t\t\t<\/a><\/p>\n<p>\t\t\t\t\t\t<a href=\"https:\/\/images.frandroid.com\/wp-content\/uploads\/2025\/07\/vefaa-contour-9-watermarked.jpeg\" itemprop=\"url\" rel=\"nofollow noopener\" target=\"_blank\"><\/p>\n<p>\t\t\t\t\t\t\t<img decoding=\"async\" class=\"wp-image\" src=\"https:\/\/www.europesays.com\/fr\/wp-content\/uploads\/2025\/07\/vefaa-contour-9-watermarked.jpeg\"  width=\"460\" height=\"345\" loading=\"lazy\" data-original-width=\"460\" data-original-height=\"345\" itemprop=\"http:\/\/schema.org\/image\" title=\"Vefaa Contour 9-watermarked\" alt=\"Vefaa Contour 9-watermarked\" style=\"width: 460px; height: 345px;\"\/><br \/>\n\t\t\t\t\t\t<\/a><\/p>\n<p>Le v\u00e9lo sera d\u00e9clin\u00e9 en deux versions, Evo et Techno. La premi\u00e8re est la plus simple et la plus classique, lorsque la seconde inclut plusieurs couches de s\u00e9curit\u00e9 suppl\u00e9mentaires\u00a0: <a href=\"https:\/\/www.frandroid.com\/survoltes\/velo-electrique\/2596029_plus-tu-envoies-de-la-patate-plus-on-te-bloque-voici-la-fonction-de-securite-ultime-pour-proteger-son-velo-electrique-des-vols\" rel=\"nofollow noopener\" target=\"_blank\">syst\u00e8me de blocage moteur \u00e9lectromagn\u00e9tique<\/a>, alarme int\u00e9gr\u00e9e, g\u00e9olocalisation, ainsi qu\u2019un syst\u00e8me d\u2019alerte sur smartphone en cas de mouvement suspect.<\/p>\n<p>C\u00f4t\u00e9 composants, le Contour opte pour une tige de selle suspendue et un porte-bagage MIK HD capable de supporter jusqu\u2019\u00e0 27\u00a0kilos de charge. Le guidon est r\u00e9glable en hauteur, pour s\u2019adapter \u00e0 diff\u00e9rents gabarits, tandis que le syst\u00e8me de cl\u00e9 unique Abus One Key permet d\u2019utiliser la m\u00eame cl\u00e9 pour la batterie et diff\u00e9rents antivols Abus.<\/p>\n<p>Assemblage fran\u00e7ais<\/p>\n<p>Le v\u00e9lo est assembl\u00e9 \u00e0 Villeurbanne, dans l\u2019Usine \u00e0 v\u00e9lo, selon un processus o\u00f9 une seule personne monte l\u2019ensemble du v\u00e9lo sur pied. Le poids du Contour oscille autour des 22 \u00e0 23 kilos.<\/p>\n<p>La commercialisation est pr\u00e9vue pour le printemps 2026. Pour rappel, le mod\u00e8le pr\u00e9sent\u00e9 aux Prodays\u00a02025 est encore un prototype. La version Evo devrait \u00eatre lanc\u00e9e autour de 2500\u00a0euros, contre 2700\u00a0euros pour la version Techno.<\/p>\n<p>Rejoignez-nous de 17 \u00e0 19h, un mercredi sur deux, pour l\u2019\u00e9mission <strong>UNLOCK<\/strong> produite par <strong>Frandroid<\/strong> et <strong>Numerama<\/strong> ! Actus tech, interviews, astuces et analyses\u2026 On se retrouve <a href=\"https:\/\/www.twitch.tv\/frandroidlive\" target=\"_blank\" rel=\"noopener nofollow\">en direct sur Twitch<\/a> ou en rediffusion <a href=\"https:\/\/www.youtube.com\/@unlocktalk\" target=\"_blank\" rel=\"noopener nofollow\">sur YouTube<\/a> !<\/p>\n","protected":false},"excerpt":{"rendered":"La jeune marque Vefaa a exhib\u00e9 un prototype de v\u00e9lo \u00e9lectrique, nomm\u00e9 Contour, aux Prodays\u00a02025. Pr\u00e9vu pour le&hellip;\n","protected":false},"author":2,"featured_media":232796,"comment_status":"","ping_status":"","sticky":false,"template":"","format":"standard","meta":{"footnotes":""},"categories":[7],"tags":[1011,27,14357,37178,43,40,41,39,42,44,37179,37180],"class_list":{"0":"post-232795","1":"post","2":"type-post","3":"status-publish","4":"format-standard","5":"has-post-thumbnail","7":"category-sciences-et-technologies","8":"tag-fr","9":"tag-france","10":"tag-officialisation","11":"tag-prodays-2025","12":"tag-science","13":"tag-science-and-technology","14":"tag-sciences","15":"tag-sciences-et-technologies","16":"tag-technologies","17":"tag-technology","18":"tag-vefaa","19":"tag-vefaa-contour"},"share_on_mastodon":{"url":"https:\/\/pubeurope.com\/@fr\/114812379918345130","error":""},"_links":{"self":[{"href":"https:\/\/www.europesays.com\/fr\/wp-json\/wp\/v2\/posts\/232795","targetHints":{"allow":["GET"]}}],"collection":[{"href":"https:\/\/www.europesays.com\/fr\/wp-json\/wp\/v2\/posts"}],"about":[{"href":"https:\/\/www.europesays.com\/fr\/wp-json\/wp\/v2\/types\/post"}],"author":[{"embeddable":true,"href":"https:\/\/www.europesays.com\/fr\/wp-json\/wp\/v2\/users\/2"}],"replies":[{"embeddable":true,"href":"https:\/\/www.europesays.com\/fr\/wp-json\/wp\/v2\/comments?post=232795"}],"version-history":[{"count":0,"href":"https:\/\/www.europesays.com\/fr\/wp-json\/wp\/v2\/posts\/232795\/revisions"}],"wp:featuredmedia":[{"embeddable":true,"href":"https:\/\/www.europesays.com\/fr\/wp-json\/wp\/v2\/media\/232796"}],"wp:attachment":[{"href":"https:\/\/www.europesays.com\/fr\/wp-json\/wp\/v2\/media?parent=232795"}],"wp:term":[{"taxonomy":"category","embeddable":true,"href":"https:\/\/www.europesays.com\/fr\/wp-json\/wp\/v2\/categories?post=232795"},{"taxonomy":"post_tag","embeddable":true,"href":"https:\/\/www.europesays.com\/fr\/wp-json\/wp\/v2\/tags?post=232795"}],"curies":[{"name":"wp","href":"https:\/\/api.w.org\/{rel}","templated":true}]}}