{"id":232797,"date":"2025-07-07T14:17:13","date_gmt":"2025-07-07T14:17:13","guid":{"rendered":"https:\/\/www.europesays.com\/fr\/232797\/"},"modified":"2025-07-07T14:17:13","modified_gmt":"2025-07-07T14:17:13","slug":"mauvaise-nouvelle-interpellante-pour-la-france","status":"publish","type":"post","link":"https:\/\/www.europesays.com\/fr\/232797\/","title":{"rendered":"Mauvaise nouvelle interpellante pour la France"},"content":{"rendered":"<p class=\"ap-StoryElement ap-StoryElement--mb js-paywall-target ap-StoryText\">En filigrane, le march\u00e9 envoie un signal : les investisseurs commencent \u00e0 faire davantage confiance \u00e0 l&rsquo;Italie qu&rsquo;\u00e0 la France. Sur les obligations \u00e0 10 ans, la France continue toutefois d&#8217;emprunter \u00e0 un taux plus faible (3,246 %) que l&rsquo;Italie (3,75 %), mais l&rsquo;\u00e9cart continue de se r\u00e9duire.<\/p>\n<p>Le Sud rattrape-t-il le Nord ? Ou juste la France ?<\/p>\n<p class=\"ap-StoryElement ap-StoryElement--mb ap-StoryText\">Les march\u00e9s semblent aussi juger la politique de la Premi\u00e8re ministre Giorgia Meloni plus favorable. La note souveraine de l&rsquo;Italie a d&rsquo;ailleurs \u00e9t\u00e9 relev\u00e9e par l&rsquo;agence de notation Standard and Poor&rsquo;s le 11 avril dernier, passant de BBB \u00e0 BBB +. La note fran\u00e7aise reste meilleure (AA-), mais elle est assortie d&rsquo;une perspective n\u00e9gative. Ces notes, bien que symboliques, sont un bon indicateur de la confiance g\u00e9n\u00e9rale des march\u00e9s vis-\u00e0-vis des diff\u00e9rents pays ou m\u00eame r\u00e9gions.<\/p>\n<p class=\"ap-StoryElement ap-StoryElement--mb ap-StoryText\"><b>-&gt; Lire aussi: <\/b><a href=\"https:\/\/www.lalibre.be\/belgique\/politique-belge\/2025\/06\/13\/standard-poors-degrade-la-note-de-la-region-bruxelloise-les-inquietudes-liees-a-la-stabilite-financiere-sont-considerables-FP3FJ45ZDZBAJD537DBXQJSFWI\/\" target=\"_blank\" rel=\"nofollow noopener\"><b>Standard &amp; Poor&rsquo;s d\u00e9grade la note de la R\u00e9gion bruxelloise : \u00ab\u00a0Les inqui\u00e9tudes li\u00e9es \u00e0 la stabilit\u00e9 financi\u00e8re sont consid\u00e9rables\u00a0\u00bb<\/b><\/a><\/p>\n<p class=\"ap-StoryElement ap-StoryElement--mb ap-StoryText\">Les inqui\u00e9tudes budg\u00e9taires en France sont au c\u0153ur des pr\u00e9occupations depuis plusieurs mois, voire plusieurs ann\u00e9es. Le gouvernement du Premier ministre Fran\u00e7ois Bayrou, fragilis\u00e9 par l&rsquo;opposition, bien qu&rsquo;il ait \u00e9chapp\u00e9 \u00e0 une motion de censure la semaine derni\u00e8re, n&rsquo;apaise pas les march\u00e9s.<\/p>\n<p><a href=\"https:\/\/www.lalibre.be\/economie\/placements\/2025\/07\/07\/lincertitude-sur-les-droits-de-douane-pese-toujours-sur-les-marches-pour-linstant-les-investisseurs-ajustent-leurs-positions-HHJK7CQCUVCDLHQ4FC43YFEV3M\/\" target=\"_blank\" rel=\"noopener noreferrer nofollow\" class=\"ap-StoryInterstitialLink ap-StoryElement ap-StoryElement--mb\">L&rsquo;incertitude sur les droits de douane p\u00e8se toujours sur les march\u00e9s : \u00ab\u00a0Pour l&rsquo;instant, les investisseurs ajustent leurs positions\u00a0\u00bb<\/a><\/p>\n<p class=\"ap-StoryElement ap-StoryElement--mb ap-StoryText\">Rappelons que, de mani\u00e8re g\u00e9n\u00e9rale, les pays du Sud de l&rsquo;Europe semblent combler leur retard sur le plan \u00e9conomique. L&rsquo;Italie, l&rsquo;Espagne, ou encore la Gr\u00e8ce (dont le taux \u00e0 10 ans avoisine d\u00e9sormais celui de la France, autour de 3,25 %) montrent une dynamique de convergence.<\/p>\n<p class=\"ap-StoryElement ap-StoryElement--mb ap-StoryText\">Et \u00e0 titre de comparaison, le taux allemand \u00e0 5 ans tourne quant \u00e0 lui autour de 2,14 %, et \u00e0 10 ans autour de 2,56 %. Les investisseurs sont donc clairement plus confiants vis-\u00e0-vis de l&rsquo;Allemagne, malgr\u00e9 les d\u00e9penses publiques annonc\u00e9es par le nouveau gouvernement de Friedrich Merz. Mais la sant\u00e9 budg\u00e9taire n&rsquo;est pas comparable \u00e0 celle du pays dirig\u00e9 par Emmanuel Macron.<\/p>\n<p class=\"ap-StoryElement ap-StoryElement--mb ap-StoryText\">Et pour la Belgique, le taux des obligations \u00e0 5 ans est de 2,46 % et atteint toujours 3,17 % pour les obligations \u00e0 10 ans.<\/p>\n","protected":false},"excerpt":{"rendered":"En filigrane, le march\u00e9 envoie un signal : les investisseurs commencent \u00e0 faire davantage confiance \u00e0 l&rsquo;Italie qu&rsquo;\u00e0&hellip;\n","protected":false},"author":2,"featured_media":232798,"comment_status":"","ping_status":"","sticky":false,"template":"","format":"standard","meta":{"footnotes":""},"categories":[6],"tags":[35,33,34,1073,1011,27],"class_list":{"0":"post-232797","1":"post","2":"type-post","3":"status-publish","4":"format-standard","5":"has-post-thumbnail","7":"category-economie","8":"tag-business","9":"tag-economie","10":"tag-economy","11":"tag-emmanuel-macron","12":"tag-fr","13":"tag-france"},"share_on_mastodon":{"url":"https:\/\/pubeurope.com\/@fr\/114812383600786941","error":""},"_links":{"self":[{"href":"https:\/\/www.europesays.com\/fr\/wp-json\/wp\/v2\/posts\/232797","targetHints":{"allow":["GET"]}}],"collection":[{"href":"https:\/\/www.europesays.com\/fr\/wp-json\/wp\/v2\/posts"}],"about":[{"href":"https:\/\/www.europesays.com\/fr\/wp-json\/wp\/v2\/types\/post"}],"author":[{"embeddable":true,"href":"https:\/\/www.europesays.com\/fr\/wp-json\/wp\/v2\/users\/2"}],"replies":[{"embeddable":true,"href":"https:\/\/www.europesays.com\/fr\/wp-json\/wp\/v2\/comments?post=232797"}],"version-history":[{"count":0,"href":"https:\/\/www.europesays.com\/fr\/wp-json\/wp\/v2\/posts\/232797\/revisions"}],"wp:featuredmedia":[{"embeddable":true,"href":"https:\/\/www.europesays.com\/fr\/wp-json\/wp\/v2\/media\/232798"}],"wp:attachment":[{"href":"https:\/\/www.europesays.com\/fr\/wp-json\/wp\/v2\/media?parent=232797"}],"wp:term":[{"taxonomy":"category","embeddable":true,"href":"https:\/\/www.europesays.com\/fr\/wp-json\/wp\/v2\/categories?post=232797"},{"taxonomy":"post_tag","embeddable":true,"href":"https:\/\/www.europesays.com\/fr\/wp-json\/wp\/v2\/tags?post=232797"}],"curies":[{"name":"wp","href":"https:\/\/api.w.org\/{rel}","templated":true}]}}