{"id":232799,"date":"2025-07-07T14:18:08","date_gmt":"2025-07-07T14:18:08","guid":{"rendered":"https:\/\/www.europesays.com\/fr\/232799\/"},"modified":"2025-07-07T14:18:08","modified_gmt":"2025-07-07T14:18:08","slug":"scott-ruskan-jeune-nageur-sauveteur-a-secouru-165-personnes-lors-des-inondations-au-texas","status":"publish","type":"post","link":"https:\/\/www.europesays.com\/fr\/232799\/","title":{"rendered":"Scott Ruskan, jeune nageur-sauveteur, a secouru 165 personnes lors des inondations au Texas"},"content":{"rendered":"<p>\u00c2g\u00e9 de 26 ans, l\u2019officier marinier des garde-c\u00f4tes am\u00e9ricains a \u00e9t\u00e9 appel\u00e9 en renfort pour venir en aide aux victimes des inondations pr\u00e8s de la ville de Hunt. Pour sa premi\u00e8re op\u00e9ration de sauvetage, il a \u00e9t\u00e9 salu\u00e9 par la S\u00e9curit\u00e9 int\u00e9rieure des \u00c9tats-Unis.<\/p>\n<p class=\"fig-paragraph\">Pour sa premi\u00e8re op\u00e9ration de sauvetage, Scott Ruskan, officier marinier des garde-c\u00f4tes am\u00e9ricains, est devenu un h\u00e9ros aux \u00c9tats-Unis. Comme le raconte le\u00a0<a href=\"https:\/\/www.nytimes.com\/2025\/07\/06\/us\/texas-floods-rescues.html\" target=\"_blank\" rel=\"nofollow noopener\" data-gtm-custom-categorie=\"navigation\" data-gtm-custom-action=\"crossclick\" data-gtm-custom-label=\"Contextuel\" data-gtm-event=\"customEventSPE\">New York Times<\/a>, le nageur-sauveteur de 26 ans bas\u00e9 \u00e0 Corpus Christi au Texas a \u00e9t\u00e9 appel\u00e9 ce vendredi 4 juillet t\u00f4t le matin pour intervenir pr\u00e8s de Hunt, au nord-ouest de San Antonio. En cause, les\u00a0<a href=\"http:\/\/www.lefigaro.fr\/flash-actu\/au-texas-des-inondations-font-au-moins-24-morts-20250705\" data-fig-type=\"NewsFlash\" data-gtm-custom-categorie=\"navigation\" data-gtm-custom-action=\"crossclick\" data-gtm-custom-label=\"Contextuel\" data-gtm-event=\"customEventSPE\" data-fig-domain=\"LEFIGARO\" target=\"_blank\" rel=\"noopener\">violentes inondations qui ont co\u00fbt\u00e9 \u00e0 81 personnes<\/a>.<\/p>\n<p class=\"fig-paragraph\">Envoy\u00e9 au\u00a0<a href=\"http:\/\/www.lefigaro.fr\/international\/le-camp-mystic-une-institution-texane-centenaire-devastee-par-les-inondations-ou-27-enfants-restent-portes-disparus-20250706\" data-fig-type=\"Article\" data-gtm-custom-categorie=\"navigation\" data-gtm-custom-action=\"crossclick\" data-gtm-custom-label=\"Contextuel\" data-gtm-event=\"customEventSPE\" data-fig-domain=\"LEFIGARO\" target=\"_blank\" rel=\"noopener\">Camp Mystic<\/a>, un camp d\u2019\u00e9t\u00e9 chr\u00e9tien qui accueillait 750 jeunes filles le long de la rivi\u00e8re Guadalupe, le jeune homme est arriv\u00e9 en h\u00e9licopt\u00e8re avec ses co\u00e9quipiers apr\u00e8s avoir pein\u00e9 \u00e0 atterrir sur la zone sinistr\u00e9e en raison des conditions m\u00e9t\u00e9orologiques difficiles. Apr\u00e8s plusieurs heures d\u2019intervention, le sauveteur est finalement parvenu \u00e0 sauver de nombreuses victimes. \u00c0 lui seul, il a secouru pas moins de 165 personnes.<\/p>\n<p>                                    <a class=\"fig-a11y-skip a11y-hidden\" href=\"#fig-a11y-skip-main-inarticle\"><br \/>\n        Passer la publicit\u00e9<br \/>\n    <\/a><\/p>\n<p>\u00abJ\u2019avais une mission \u00e0 accomplir\u00bb<\/p>\n<p class=\"fig-paragraph\">Au total, 12 h\u00e9licopt\u00e8res ont \u00e9t\u00e9 envoy\u00e9s sur le terrain pour sauver pr\u00e8s de 200 personnes bloqu\u00e9es sur place lors de la mont\u00e9e des eaux. Scott Ruskan avait pour r\u00f4le de r\u00e9cup\u00e9rer les victimes \u00e9parpill\u00e9es sur le camp pour ensuite les faire \u00e9vacuer. Il a \u00e9galement \u00e9t\u00e9 un grand soutien \u00e9motionnel pour les rescap\u00e9s, rapporte le journal am\u00e9ricain. \u00abJ\u2019avais une mission \u00e0 accomplir. Tous ces gens vous regardent, terrifi\u00e9s, avec un regard lointain. Ils veulent du r\u00e9confort, quelqu\u2019un pour les sauver\u00bb, a confi\u00e9 le sauveteur au New York Times. Une grande mission confi\u00e9e \u00e0 ce novice, qui a \u00e9t\u00e9 largement relev\u00e9e.<\/p>\n<p>\u00abH\u00e9ros am\u00e9ricain\u00bb<\/p>\n<p class=\"fig-paragraph\">L\u2019exploit a \u00e9t\u00e9 salu\u00e9 par la secr\u00e9taire \u00e0 la S\u00e9curit\u00e9 int\u00e9rieure des \u00c9tats-Unis,\u00a0<a href=\"http:\/\/www.lefigaro.fr\/elections-americaines\/presidentielle-americaine-kristi-noem-une-trumpiste-de-choc-pour-tenter-d-amadouer-l-electorat-feminin-20241103\" data-fig-type=\"Article\" data-gtm-custom-categorie=\"navigation\" data-gtm-custom-action=\"crossclick\" data-gtm-custom-label=\"Contextuel\" data-gtm-event=\"customEventSPE\" data-fig-domain=\"LEFIGARO\" target=\"_blank\" rel=\"noopener\">Kristi Noem<\/a>, qui le qualifie de \u00abh\u00e9ros am\u00e9ricain\u00bb. \u00abScott Ruskin, nageur-sauveteur et officier marinier des garde-c\u00f4tes am\u00e9ricains, a sauv\u00e9 directement 165 victimes lors des inondations d\u00e9vastatrices dans le centre du Texas. Il s\u2019agissait de la premi\u00e8re mission de sauvetage de sa carri\u00e8re et il \u00e9tait le seul coordinateur de triage sur les lieux. Scott Ruskin est un h\u00e9ros am\u00e9ricain. Son courage d\u00e9sint\u00e9ress\u00e9 incarne l\u2019esprit et la mission des gardes-c\u00f4tes\u00bb, \u00e9crit-elle sur X.<\/p>\n","protected":false},"excerpt":{"rendered":"\u00c2g\u00e9 de 26 ans, l\u2019officier marinier des garde-c\u00f4tes am\u00e9ricains a \u00e9t\u00e9 appel\u00e9 en renfort pour venir en aide&hellip;\n","protected":false},"author":2,"featured_media":232800,"comment_status":"","ping_status":"","sticky":false,"template":"","format":"standard","meta":{"footnotes":""},"categories":[5],"tags":[11,73,1011,27,2839,14,12,3926,28],"class_list":{"0":"post-232799","1":"post","2":"type-post","3":"status-publish","4":"format-standard","5":"has-post-thumbnail","7":"category-international","8":"tag-actualites","9":"tag-etats-unis","10":"tag-fr","11":"tag-france","12":"tag-inondations","13":"tag-international","14":"tag-news","15":"tag-texas","16":"tag-world"},"share_on_mastodon":{"url":"https:\/\/pubeurope.com\/@fr\/114812387568675147","error":""},"_links":{"self":[{"href":"https:\/\/www.europesays.com\/fr\/wp-json\/wp\/v2\/posts\/232799","targetHints":{"allow":["GET"]}}],"collection":[{"href":"https:\/\/www.europesays.com\/fr\/wp-json\/wp\/v2\/posts"}],"about":[{"href":"https:\/\/www.europesays.com\/fr\/wp-json\/wp\/v2\/types\/post"}],"author":[{"embeddable":true,"href":"https:\/\/www.europesays.com\/fr\/wp-json\/wp\/v2\/users\/2"}],"replies":[{"embeddable":true,"href":"https:\/\/www.europesays.com\/fr\/wp-json\/wp\/v2\/comments?post=232799"}],"version-history":[{"count":0,"href":"https:\/\/www.europesays.com\/fr\/wp-json\/wp\/v2\/posts\/232799\/revisions"}],"wp:featuredmedia":[{"embeddable":true,"href":"https:\/\/www.europesays.com\/fr\/wp-json\/wp\/v2\/media\/232800"}],"wp:attachment":[{"href":"https:\/\/www.europesays.com\/fr\/wp-json\/wp\/v2\/media?parent=232799"}],"wp:term":[{"taxonomy":"category","embeddable":true,"href":"https:\/\/www.europesays.com\/fr\/wp-json\/wp\/v2\/categories?post=232799"},{"taxonomy":"post_tag","embeddable":true,"href":"https:\/\/www.europesays.com\/fr\/wp-json\/wp\/v2\/tags?post=232799"}],"curies":[{"name":"wp","href":"https:\/\/api.w.org\/{rel}","templated":true}]}}