{"id":232805,"date":"2025-07-07T14:22:10","date_gmt":"2025-07-07T14:22:10","guid":{"rendered":"https:\/\/www.europesays.com\/fr\/232805\/"},"modified":"2025-07-07T14:22:10","modified_gmt":"2025-07-07T14:22:10","slug":"las-saint-etienne-officialise-larrivee-du-jeune-prodige-senegalais-lassana-traore","status":"publish","type":"post","link":"https:\/\/www.europesays.com\/fr\/232805\/","title":{"rendered":"L&rsquo;AS Saint-\u00c9tienne officialise l&rsquo;arriv\u00e9e du jeune prodige s\u00e9n\u00e9galais Lassana Traor\u00e9"},"content":{"rendered":"<p><img loading=\"lazy\" decoding=\"async\" width=\"696\" height=\"392\" class=\"entry-thumb\" src=\"https:\/\/www.europesays.com\/fr\/wp-content\/uploads\/2025\/07\/lassana-traore-signe-a-saint-etienne-696x392.jpg\"   alt=\"Lassana Traor\u00e9 signe \u00e0 Saint-Etienne\" title=\"Lassana Traor\u00e9 signe \u00e0 Saint-Etienne\"\/>Lassana Traor\u00e9 signe professionnel \u00e0 Saint-Etienne<\/p>\n<p>Les Verts ont frapp\u00e9 un grand coup sur le march\u00e9 des transferts en s\u2019attachant les services de Lassana Traor\u00e9, jeune prodige s\u00e9n\u00e9galais de 18 ans \u00e9voluant au poste d\u2019arri\u00e8re gauche. Le d\u00e9fenseur, qui d\u00e9barque tout droit du S\u00e9n\u00e9gal, va apporter un sang neuf prometteur au Forez.<\/p>\n<p>En provenance du Diambars FC, club de premi\u00e8re division s\u00e9n\u00e9galaise, r\u00e9put\u00e9 pour la qualit\u00e9 de sa formation, Lassana Traor\u00e9 a notamment remport\u00e9 la Coupe d\u2019Afrique des Nations U17 en \u00e9tant titulaire lors des six matches disput\u00e9s par le S\u00e9n\u00e9gal.<\/p>\n<p>L\u2019<a href=\"https:\/\/www.afrik.com\/senegal-football-l-actualite-du-mercato-des-lions\" target=\"_blank\" rel=\"noopener nofollow\">international U20 s\u00e9n\u00e9galais<\/a> n\u2019a pas tard\u00e9 \u00e0 convaincre son nouvel entra\u00eeneur, qui ne tarit pas d\u2019\u00e9loges sur son nouveau prot\u00e9g\u00e9. \u00ab Il est fort, agressif, il a un bon pied gauche. J\u2019esp\u00e8re pouvoir compter sur lui dans le futur. Il a \u00e9t\u00e9 bon \u00e0 l\u2019entra\u00eenement, il a beaucoup \u00e0 offrir \u00bb, a confi\u00e9 le technicien st\u00e9phanois Eirik Horneland, visiblement tr\u00e8s s\u00e9duit par le potentiel du jeune homme.<\/p>\n<p>Cette signature s\u2019inscrit dans la politique de recrutement ax\u00e9e sur la jeunesse men\u00e9e par l\u2019ASSE, qui mise sur des talents \u00e9mergents pour construire l\u2019avenir du club. Avec sa vitesse, sa combativit\u00e9 et sa technique au pied gauche, Traor\u00e9 pourrait rapidement s\u2019imposer comme une alternative cr\u00e9dible sur le flanc gauche de la d\u00e9fense verte.<\/p>\n<p>Le jeune d\u00e9fenseur aura l\u2019occasion de montrer l\u2019\u00e9tendue de son talent dans les semaines \u00e0 venir, alors que l\u2019AS Saint-\u00c9tienne poursuit sa pr\u00e9paration pour pr\u00e9parer sa remontr\u00e9e programm\u00e9e en Ligue 1. Une signature qui fait d\u00e9j\u00e0 saliver les supporters du Chaudron, impatients de d\u00e9couvrir ce nouveau joyau africain.<\/p>\n","protected":false},"excerpt":{"rendered":"Lassana Traor\u00e9 signe professionnel \u00e0 Saint-Etienne Les Verts ont frapp\u00e9 un grand coup sur le march\u00e9 des transferts&hellip;\n","protected":false},"author":2,"featured_media":232806,"comment_status":"","ping_status":"","sticky":false,"template":"","format":"standard","meta":{"footnotes":""},"categories":[9653],"tags":[1111,11,2430,1777,674,63,1011,27,12,25,4001,880],"class_list":{"0":"post-232805","1":"post","2":"type-post","3":"status-publish","4":"format-standard","5":"has-post-thumbnail","7":"category-saint-etienne","8":"tag-actu","9":"tag-actualites","10":"tag-auvergne-rhone-alpes","11":"tag-eu","12":"tag-europe","13":"tag-football","14":"tag-fr","15":"tag-france","16":"tag-news","17":"tag-republique-francaise","18":"tag-saint-etienne","19":"tag-senegal"},"share_on_mastodon":{"url":"https:\/\/pubeurope.com\/@fr\/114812403288288212","error":""},"_links":{"self":[{"href":"https:\/\/www.europesays.com\/fr\/wp-json\/wp\/v2\/posts\/232805","targetHints":{"allow":["GET"]}}],"collection":[{"href":"https:\/\/www.europesays.com\/fr\/wp-json\/wp\/v2\/posts"}],"about":[{"href":"https:\/\/www.europesays.com\/fr\/wp-json\/wp\/v2\/types\/post"}],"author":[{"embeddable":true,"href":"https:\/\/www.europesays.com\/fr\/wp-json\/wp\/v2\/users\/2"}],"replies":[{"embeddable":true,"href":"https:\/\/www.europesays.com\/fr\/wp-json\/wp\/v2\/comments?post=232805"}],"version-history":[{"count":0,"href":"https:\/\/www.europesays.com\/fr\/wp-json\/wp\/v2\/posts\/232805\/revisions"}],"wp:featuredmedia":[{"embeddable":true,"href":"https:\/\/www.europesays.com\/fr\/wp-json\/wp\/v2\/media\/232806"}],"wp:attachment":[{"href":"https:\/\/www.europesays.com\/fr\/wp-json\/wp\/v2\/media?parent=232805"}],"wp:term":[{"taxonomy":"category","embeddable":true,"href":"https:\/\/www.europesays.com\/fr\/wp-json\/wp\/v2\/categories?post=232805"},{"taxonomy":"post_tag","embeddable":true,"href":"https:\/\/www.europesays.com\/fr\/wp-json\/wp\/v2\/tags?post=232805"}],"curies":[{"name":"wp","href":"https:\/\/api.w.org\/{rel}","templated":true}]}}