{"id":232817,"date":"2025-07-07T14:32:10","date_gmt":"2025-07-07T14:32:10","guid":{"rendered":"https:\/\/www.europesays.com\/fr\/232817\/"},"modified":"2025-07-07T14:32:10","modified_gmt":"2025-07-07T14:32:10","slug":"lex-champion-grenoblois-de-lemission-paul-el-kharrat-prend-la-parole","status":"publish","type":"post","link":"https:\/\/www.europesays.com\/fr\/232817\/","title":{"rendered":"l&rsquo;ex-champion grenoblois de l&rsquo;\u00e9mission Paul El Kharrat prend la parole"},"content":{"rendered":"<p>\u00c9milien, champion incontest\u00e9 des jeux t\u00e9l\u00e9vis\u00e9s, est tomb\u00e9. Le jeune homme de 22 ans a finalement\u00a0rendu les armes\u00a0ce dimanche 6 juillet des 12 coups de midi, \u00e9mission diffus\u00e9e sur TF1 et pr\u00e9sent\u00e9e par <a href=\"https:\/\/www.ledauphine.com\/p\/jean-luc-reichmann\" target=\"_blank\" rel=\"nofollow noopener\">Jean-Luc Reichmann<\/a>. Au total, le Vend\u00e9en a particip\u00e9 647 \u00e9missions et empoch\u00e9 plus de 2,5 millions d&rsquo;euros de gains.\u00a0<\/p>\n<p>Selon M\u00e9diam\u00e9trie, son \u00e9limination a \u00e9t\u00e9 suivie par 4,98 millions de t\u00e9l\u00e9spectateurs. <a href=\"https:\/\/www.ledauphine.com\/societe\/2025\/07\/07\/emilien-elimine-des-12-coups-de-midi-l-emission-signe-un-record-d-audience-cette-saison\" target=\"_blank\" rel=\"nofollow noopener\">Un pic d&rsquo;audience<\/a> a m\u00eame \u00e9t\u00e9 enregistr\u00e9 \u00e0 7,1 millions de personnes.\u00a0<\/p>\n<p>  Un parcours \u00ab\u00a0remarquable d&rsquo;endurance, d&rsquo;intuition et de connaissances\u00a0\u00bb<\/p>\n<p>Plusieurs candidats historiques du jeu t\u00e9l\u00e9vis\u00e9 ont pris la parole pour r\u00e9agir <a href=\"https:\/\/www.ledauphine.com\/societe\/2025\/07\/06\/emilien-elimine-des-12-coups-de-midi-ca-ne-me-derangeait-pas-de-passer-17-heures-par-jour-a-travailler\" target=\"_blank\" rel=\"nofollow noopener\">\u00e0 cette nouvelle<\/a>. \u00c0 commencer par <a href=\"https:\/\/www.ledauphine.com\/culture-loisirs\/2025\/02\/01\/le-grenoblois-paul-el-kharrat-remportera-t-il-le-quiz-des-champions-ce-samedi-soir\" target=\"_blank\" rel=\"nofollow noopener\">Paul El Kharrat<\/a>. Dans une story publi\u00e9e sur son compte Instagram, le Grenoblois a tenu \u00e0 f\u00e9liciter \u00ab\u00a0le parcours remarquable d&rsquo;endurance, d&rsquo;intuition et de connaissances d&rsquo;\u00c9milien\u00a0\u00bb.\u00a0<\/p>\n<p>Un message fair-play pour celui qui en avril dernier commen\u00e7ait \u00e0 s&rsquo;agacer du r\u00e8gne du prodige de l&rsquo;\u00e9mission. \u00ab\u00a0Je pense qu&rsquo;il faut arr\u00eater un peu, sinon apr\u00e8s \u00e7a va tuer le jeu, expliquait Paul El Kharrat dans <a href=\"https:\/\/tvmag.lefigaro.fr\/programme-tv\/actu-tele\/c-est-un-terrain-mine-sophie-el-kharrat-evoque-la-vie-amoureuse-de-son-fils-paul-el-kharrat-20250402\" target=\"_blank\" rel=\"nofollow noopener\">Buzz TV<\/a>.\u00a0\u00c0 un moment, il faut qu\u2019il y ait une fin car beaucoup de gens s\u2019impatientent. Il faut entendre et comprendre le public. Si \u00c9milien a r\u00e9ussi jusqu\u2019\u00e0 pr\u00e9sent, c\u2019est qu\u2019il a du m\u00e9rite mais trop de participations, trop de pr\u00e9sences et trop d\u2019argent, \u00e7a interroge aussi&#8230; Il y a une forme d\u2019injustice vis-\u00e0-vis des autres, ceux qui regardent ou qui veulent participer.\u00a0\u00bb<\/p>\n<p>Jean-Luc Reichmann n&rsquo;avait d&rsquo;ailleurs pas manqu\u00e9 \u00e0 l&rsquo;\u00e9poque de faire r\u00e9agir \u00c9milien aux propos de l&rsquo;ex-candidat is\u00e9rois, par ailleurs <a href=\"https:\/\/www.ledauphine.com\/culture-loisirs\/2024\/04\/27\/paul-el-kharrat-prepare-un-mode-d-emploi-pour-comprendre-les-personnes-autistes\" target=\"_blank\" rel=\"nofollow noopener\">atteint du syndrome d&rsquo;Asperger<\/a>. \u00ab\u00a0Vous avez senti qu&rsquo;il y avait une battle\u2026, commen\u00e7ait l&rsquo;animateur. Ce sont des comp\u00e9titeurs mais il ne faut pas oublier qu&rsquo;ils sont hyper sympas, il y a de l&rsquo;humanit\u00e9, du respect pour l&rsquo;un et pour l&rsquo;autre. D&rsquo;ailleurs, Paul en a parl\u00e9 mais on a senti qu&rsquo;il y avait\u2026 Il a parl\u00e9, de votre endurance ?\u00a0\u00bb<\/p>\n<p>\u00ab Oui, oui, et lui en a eu aussi, avait r\u00e9pondu \u00c9milien. Il a eu un parcours exceptionnel qu&rsquo;il a encore aujourd&rsquo;hui.\u00a0\u00bb Pour rappel, Paul El Kharrat a particip\u00e9 \u00e0 153 \u00e9missions en 2019 et amass\u00e9 691 522 euros de gains. Depuis 2020, il intervient en tant que chroniqueur dans Les grosses t\u00eates sur RTL, et a publi\u00e9 quatre livres\u00a0: Ma 153e victoire, Crimes et myst\u00e8res de Paris, Bienvenue dans mon monde, et Atypiques, un dialogue m\u00e8re-fils pour mieux comprendre l&rsquo;autisme.<\/p>\n","protected":false},"excerpt":{"rendered":"\u00c9milien, champion incontest\u00e9 des jeux t\u00e9l\u00e9vis\u00e9s, est tomb\u00e9. Le jeune homme de 22 ans a finalement\u00a0rendu les armes\u00a0ce&hellip;\n","protected":false},"author":2,"featured_media":232818,"comment_status":"","ping_status":"","sticky":false,"template":"","format":"standard","meta":{"footnotes":""},"categories":[9566],"tags":[1111,11,2430,1687,112,1777,674,107,1011,27,329,2731,2732,1757,108,12,25,273,2205],"class_list":{"0":"post-232817","1":"post","2":"type-post","3":"status-publish","4":"format-standard","5":"has-post-thumbnail","7":"category-grenoble","8":"tag-actu","9":"tag-actualites","10":"tag-auvergne-rhone-alpes","11":"tag-culture-loisirs","12":"tag-edition-grenoble-agglomeration","13":"tag-eu","14":"tag-europe","15":"tag-fil-info","16":"tag-fr","17":"tag-france","18":"tag-france-monde","19":"tag-grenoble","20":"tag-grenoble-bassin","21":"tag-insolite","22":"tag-isere","23":"tag-news","24":"tag-republique-francaise","25":"tag-selection-de-la-redaction","26":"tag-television-medias"},"share_on_mastodon":{"url":"https:\/\/pubeurope.com\/@fr\/114812442661208588","error":""},"_links":{"self":[{"href":"https:\/\/www.europesays.com\/fr\/wp-json\/wp\/v2\/posts\/232817","targetHints":{"allow":["GET"]}}],"collection":[{"href":"https:\/\/www.europesays.com\/fr\/wp-json\/wp\/v2\/posts"}],"about":[{"href":"https:\/\/www.europesays.com\/fr\/wp-json\/wp\/v2\/types\/post"}],"author":[{"embeddable":true,"href":"https:\/\/www.europesays.com\/fr\/wp-json\/wp\/v2\/users\/2"}],"replies":[{"embeddable":true,"href":"https:\/\/www.europesays.com\/fr\/wp-json\/wp\/v2\/comments?post=232817"}],"version-history":[{"count":0,"href":"https:\/\/www.europesays.com\/fr\/wp-json\/wp\/v2\/posts\/232817\/revisions"}],"wp:featuredmedia":[{"embeddable":true,"href":"https:\/\/www.europesays.com\/fr\/wp-json\/wp\/v2\/media\/232818"}],"wp:attachment":[{"href":"https:\/\/www.europesays.com\/fr\/wp-json\/wp\/v2\/media?parent=232817"}],"wp:term":[{"taxonomy":"category","embeddable":true,"href":"https:\/\/www.europesays.com\/fr\/wp-json\/wp\/v2\/categories?post=232817"},{"taxonomy":"post_tag","embeddable":true,"href":"https:\/\/www.europesays.com\/fr\/wp-json\/wp\/v2\/tags?post=232817"}],"curies":[{"name":"wp","href":"https:\/\/api.w.org\/{rel}","templated":true}]}}