{"id":232821,"date":"2025-07-07T14:34:11","date_gmt":"2025-07-07T14:34:11","guid":{"rendered":"https:\/\/www.europesays.com\/fr\/232821\/"},"modified":"2025-07-07T14:34:11","modified_gmt":"2025-07-07T14:34:11","slug":"important-accident-sur-la-rocade-de-rennes-trois-vehicules-impliques","status":"publish","type":"post","link":"https:\/\/www.europesays.com\/fr\/232821\/","title":{"rendered":"Important accident sur la rocade de Rennes : trois v\u00e9hicules impliqu\u00e9s"},"content":{"rendered":"<p>            Par<br \/>\n        <strong><br \/>\n            <a href=\"https:\/\/actu.fr\/auteur\/clemence-pays02-actu-fr\" title=\"Consulter tous les articles de Cl\u00e9mence Pays\" target=\"_blank\" rel=\"noopener\">Cl\u00e9mence Pays<\/a><br \/>\n        <\/strong><\/p>\n<p>        Publi\u00e9 le<\/p>\n<p>            7 juil. 2025 \u00e0 9h57        <\/p>\n<p>[<strong>Mise \u00e0 jour lundi 7 juillet, \u00e0 11h43 :<\/strong> Le trafic a repris. Il n\u2019y a plus de restriction de circulation en cours.]<\/p>\n<p class=\" wall-content\">Attention si vous prenez la route ce lundi 7\u00a0juillet 2025. \u00c0 9h08, Bison Fut\u00e9 a annonc\u00e9 qu\u2019un accident s\u2019est produit sur <strong>la rocade de Rennes<\/strong> (N1336), dans le sens int\u00e9rieur, \u00e0 hauteur de Cesson-S\u00e9vign\u00e9.<\/p>\n<p class=\" wall-content\">Selon le Centre national d\u2019information routi\u00e8re, <strong>l\u2019accident est \u00ab\u2009corporel\u2009\u00bb<\/strong> et implique<strong> trois v\u00e9hicules l\u00e9gers.<\/strong><\/p>\n<p>Des bouchons en cours<\/p>\n<p class=\" wall-content\">Par cons\u00e9quent, un <strong>bouchon de 2,5\u00a0km<\/strong> est en cours, de <a href=\"https:\/\/actu.fr\/bretagne\/thorigne-fouillard_35334\" target=\"_blank\" rel=\"noopener\">Thorign\u00e9-Fouillard<\/a> \u00e0 <a href=\"https:\/\/actu.fr\/bretagne\/cesson-sevigne_35051\" target=\"_blank\" rel=\"noopener\">Cesson-S\u00e9vign\u00e9<\/a>, dans le <strong>sens int\u00e9rieur.<\/strong><\/p>\n<p class=\" wall-content\">Une<strong> r\u00e9duction du nombre de voies<\/strong> applicable \u00e0 tous les v\u00e9hicules, sur la voie de droite, a \u00e9t\u00e9 mise en place, \u00e0 hauteur de Cesson-S\u00e9vign\u00e9.<\/p>\n<p class=\" wall-content\">Suivez toute l\u2019actualit\u00e9 de vos villes et m\u00e9dias favoris en vous inscrivant \u00e0 <a href=\"https:\/\/moncompte.actu.fr\" title=\"D\u00e9couvez Mon Actu\" rel=\"nofollow noopener\" data-trk=\"{&quot;cta&quot;:{&quot;action&quot;:&quot;https:\\\/\\\/moncompte.actu.fr&quot;,&quot;category&quot;:&quot;mon compte&quot;,&quot;from&quot;:&quot;article footer&quot;,&quot;name&quot;:&quot;Mon actu&quot;,&quot;type&quot;:&quot;cta&quot;}}\" target=\"_blank\">Mon Actu<\/a>.<\/p>\n","protected":false},"excerpt":{"rendered":"Par Cl\u00e9mence Pays Publi\u00e9 le 7 juil. 2025 \u00e0 9h57 [Mise \u00e0 jour lundi 7 juillet, \u00e0 11h43&hellip;\n","protected":false},"author":2,"featured_media":232822,"comment_status":"","ping_status":"","sticky":false,"template":"","format":"standard","meta":{"footnotes":""},"categories":[2821],"tags":[119,1111,11,829,1777,674,1011,27,803,12,584,25,4797,104],"class_list":{"0":"post-232821","1":"post","2":"type-post","3":"status-publish","4":"format-standard","5":"has-post-thumbnail","7":"category-rennes","8":"tag-accident","9":"tag-actu","10":"tag-actualites","11":"tag-bretagne","12":"tag-eu","13":"tag-europe","14":"tag-fr","15":"tag-france","16":"tag-info-trafic","17":"tag-news","18":"tag-rennes","19":"tag-republique-francaise","20":"tag-rocade","21":"tag-societe"},"share_on_mastodon":{"url":"https:\/\/pubeurope.com\/@fr\/114812450478649715","error":""},"_links":{"self":[{"href":"https:\/\/www.europesays.com\/fr\/wp-json\/wp\/v2\/posts\/232821","targetHints":{"allow":["GET"]}}],"collection":[{"href":"https:\/\/www.europesays.com\/fr\/wp-json\/wp\/v2\/posts"}],"about":[{"href":"https:\/\/www.europesays.com\/fr\/wp-json\/wp\/v2\/types\/post"}],"author":[{"embeddable":true,"href":"https:\/\/www.europesays.com\/fr\/wp-json\/wp\/v2\/users\/2"}],"replies":[{"embeddable":true,"href":"https:\/\/www.europesays.com\/fr\/wp-json\/wp\/v2\/comments?post=232821"}],"version-history":[{"count":0,"href":"https:\/\/www.europesays.com\/fr\/wp-json\/wp\/v2\/posts\/232821\/revisions"}],"wp:featuredmedia":[{"embeddable":true,"href":"https:\/\/www.europesays.com\/fr\/wp-json\/wp\/v2\/media\/232822"}],"wp:attachment":[{"href":"https:\/\/www.europesays.com\/fr\/wp-json\/wp\/v2\/media?parent=232821"}],"wp:term":[{"taxonomy":"category","embeddable":true,"href":"https:\/\/www.europesays.com\/fr\/wp-json\/wp\/v2\/categories?post=232821"},{"taxonomy":"post_tag","embeddable":true,"href":"https:\/\/www.europesays.com\/fr\/wp-json\/wp\/v2\/tags?post=232821"}],"curies":[{"name":"wp","href":"https:\/\/api.w.org\/{rel}","templated":true}]}}