{"id":232826,"date":"2025-07-07T14:36:20","date_gmt":"2025-07-07T14:36:20","guid":{"rendered":"https:\/\/www.europesays.com\/fr\/232826\/"},"modified":"2025-07-07T14:36:20","modified_gmt":"2025-07-07T14:36:20","slug":"au-college-international-de-lesplanade-des-groupes-de-niveaux-qui-fonctionnent","status":"publish","type":"post","link":"https:\/\/www.europesays.com\/fr\/232826\/","title":{"rendered":"Au coll\u00e8ge international de l\u2019Esplanade, des groupes de niveaux qui fonctionnent"},"content":{"rendered":"<p class=\"wp-block-post-excerpt__excerpt\">Mesure phare du \u00ab\u00a0choc des savoirs\u00a0\u00bb voulu par le gouvernement en 2023, des groupes de niveaux en fran\u00e7ais et en math\u00e9matiques ont \u00e9t\u00e9 mis en place au coll\u00e8ge de l\u2019Esplanade. Apr\u00e8s une ann\u00e9e scolaire, les enseignants t\u00e9moignent de r\u00e9sultats positifs sur les \u00e9l\u00e8ves en difficult\u00e9. <\/p>\n<p>Adrien Labit<\/p>\n<p>Publi\u00e9 le 7 juillet 2025\u00a0\u00a0\u00b7\u00a0\u00a0<\/p>\n<p>Imprim\u00e9 le 7 juillet 2025 \u00e0 16h36\u00a0\u00a0\u00b7\u00a0\u00a0<\/p>\n<p>\t\t\t\t\t5\u00a0minutes\n<\/p>\n<p class=\"has-drop-cap\">En d\u00e9cembre 2023, Gabriel Attal, alors ministre de l\u2019\u00c9ducation, <a href=\"https:\/\/www.dailymotion.com\/video\/x8q977t\" target=\"_blank\" rel=\"noreferrer noopener\">annonce<\/a> la cr\u00e9ation de classes de niveaux diff\u00e9renci\u00e9s en math et en fran\u00e7ais pour les \u00e9l\u00e8ves de coll\u00e8ges. Cette nouvelle r\u00e9forme appel\u00e9e \u00ab\u00a0choc des savoirs\u00a0\u00bb est, d\u00e8s son annonce, tr\u00e8s vivement <a href=\"https:\/\/www.rue89strasbourg.com\/manifestation-choc-des-savoirs-education-nationale-302445\" target=\"_blank\" rel=\"noreferrer noopener\">contest\u00e9e par les syndicats<\/a> qui y voient l\u2019abandon d\u2019une m\u00eame ambition pour tous les \u00e9l\u00e8ves.<\/p>\n<p>Lors de sa mise en place \u00e0 la rentr\u00e9e 2024, la r\u00e9forme ne fait plus r\u00e9f\u00e9rence \u00e0 des \u00ab\u00a0groupes de niveaux\u00a0\u00bb mais \u00e0 des \u00ab\u00a0groupes de besoins\u00a0\u00bb. Il s\u2019agit donc de porter une attention particuli\u00e8re non pas sur les r\u00e9sultats des \u00e9l\u00e8ves, mais sur leurs besoins en termes d\u2019apprentissage. Un changement s\u00e9mantique qui a permis aux \u00e9tablissements d\u2019adapter le dispositif et les a laiss\u00e9s relativement libres dans sa mise en \u0153uvre.\u00a0<\/p>\n<p>\u00ab\u00a0Au moment de l\u2019annonce, j\u2019\u00e9tais persuad\u00e9e que c\u2019\u00e9tait une tr\u00e8s mauvaise id\u00e9e de mettre ensemble des \u00e9l\u00e8ves en difficult\u00e9\u00a0\u00bb, explique La\u00ebtitia. Comme nombre de ses coll\u00e8gues, la professeure de fran\u00e7ais au coll\u00e8ge international de l\u2019Esplanade craignait que cela ne tire les jeunes vers le bas. \u00ab\u00a0\u00c0 la rentr\u00e9e, quand j\u2019ai su que j\u2019\u00e9tais en charge du groupe des cinqui\u00e8mes en difficult\u00e9, je me suis demand\u00e9 si j\u2019\u00e9tais suffisamment pr\u00e9par\u00e9e pour \u00e7a.\u00a0\u00bb Alors que l\u2019ann\u00e9e scolaire se termine, l\u2019enseignante tire un bilan \u00ab\u00a0tr\u00e8s positif\u00a0\u00bb de l\u2019exp\u00e9rience. \u00ab\u00a0On a pu proposer un accompagnement plus personnalis\u00e9 aux \u00e9l\u00e8ves et se mettre \u00e0 leur rythme.\u00a0\u00bb<\/p>\n<p class=\"has-primary-color has-text-color\">\n\t\t\t<strong> Cet article fait partie de l\u2019\u00e9dition abonn\u00e9s.<\/strong><br \/>\n\t\t\t| D\u00e9j\u00e0 abonn\u00e9\u00a0?<br \/>\n\t\t\t<a href=\"https:\/\/www.rue89strasbourg.com\/user\/connexion\" data-type=\"page\" data-id=\"116070\" target=\"_blank\" rel=\"noopener\">Connectez-vous<\/a>\n\t\t<\/p>\n<p>Abonnez-vous maintenant pour poursuivre votre lecture<\/p>\n<p><img loading=\"lazy\" decoding=\"async\" width=\"1206\" height=\"1241\" src=\"https:\/\/www.europesays.com\/fr\/wp-content\/uploads\/2025\/04\/04-paywall.png\" alt=\"Abonnez-vous\" class=\"wp-image-282314\" style=\"aspect-ratio:0.9717969379532635;width:281px;height:auto\"  \/><\/p>\n<p>\t\t\t<a href=\"https:\/\/www.rue89strasbourg.com\/\" class=\"custom-logo-link\" rel=\"home noopener\" target=\"_blank\"><img loading=\"lazy\" decoding=\"async\" width=\"290\" height=\"62\" src=\"https:\/\/www.europesays.com\/fr\/wp-content\/uploads\/2025\/04\/1743975279_388_logo.png\" class=\"custom-logo\" alt=\"Rue89 Strasbourg Enqu\u00eates et informations locales\"  \/><\/a><\/p>\n<p>\n\t\t\t\tAbonnez-vous maintenant pour suivre l\u2019actualit\u00e9 locale.\t\t\t<\/p>\n<p class=\"font-bold font-serif-heading mb-2 text-4xl\">\n\t\t\t\t\t\tL\u2019investigation locale \u00e0 port\u00e9e de main.\n\t\t\t\t\t<\/p>\n<p>\n\t\t\t\t\t\tAbonnez-vous et profitez d\u2019un acc\u00e8s illimit\u00e9 \u00e0 Rue89 Strasbourg. Annulez quand vous voulez.\n\t\t\t\t\t<\/p>\n<p class=\"xl:text-sm\">\n\t\t\t\t\tD\u00e9j\u00e0 abonn\u00e9\u00a0?<br \/>\n\t\t\t\t\t<a class=\"border border-transparent text-center transition-colors duration-instant focus:border-info focus:rounded focus:shadow-focus cursor-pointer text-black hover:text-gray-700 active:bg-black-700 font-semibold inline-block\" href=\"https:\/\/www.rue89strasbourg.com\/user\/connexion?redirect=\/college-esplanade-groupes-de-besoins-strasbourg-349549\" target=\"_blank\" rel=\"noopener\">Connectez-vous<\/a>\t\t\t\t<\/p>\n<p>\n\t\t\t\tChoisissez votre formule\u00a0:\n\t\t\t<\/p>\n<p>\t\t\t\tFermer<\/p>\n","protected":false},"excerpt":{"rendered":"Mesure phare du \u00ab\u00a0choc des savoirs\u00a0\u00bb voulu par le gouvernement en 2023, des groupes de niveaux en fran\u00e7ais&hellip;\n","protected":false},"author":2,"featured_media":232827,"comment_status":"","ping_status":"","sticky":false,"template":"","format":"standard","meta":{"footnotes":""},"categories":[2820],"tags":[1111,11,37181,1126,1777,674,1011,27,775,12,25,640],"class_list":{"0":"post-232826","1":"post","2":"type-post","3":"status-publish","4":"format-standard","5":"has-post-thumbnail","7":"category-strasbourg","8":"tag-actu","9":"tag-actualites","10":"tag-college-international-de-lesplanade","11":"tag-education-nationale","12":"tag-eu","13":"tag-europe","14":"tag-fr","15":"tag-france","16":"tag-grand-est","17":"tag-news","18":"tag-republique-francaise","19":"tag-strasbourg"},"share_on_mastodon":{"url":"https:\/\/pubeurope.com\/@fr\/114812458446969686","error":""},"_links":{"self":[{"href":"https:\/\/www.europesays.com\/fr\/wp-json\/wp\/v2\/posts\/232826","targetHints":{"allow":["GET"]}}],"collection":[{"href":"https:\/\/www.europesays.com\/fr\/wp-json\/wp\/v2\/posts"}],"about":[{"href":"https:\/\/www.europesays.com\/fr\/wp-json\/wp\/v2\/types\/post"}],"author":[{"embeddable":true,"href":"https:\/\/www.europesays.com\/fr\/wp-json\/wp\/v2\/users\/2"}],"replies":[{"embeddable":true,"href":"https:\/\/www.europesays.com\/fr\/wp-json\/wp\/v2\/comments?post=232826"}],"version-history":[{"count":0,"href":"https:\/\/www.europesays.com\/fr\/wp-json\/wp\/v2\/posts\/232826\/revisions"}],"wp:featuredmedia":[{"embeddable":true,"href":"https:\/\/www.europesays.com\/fr\/wp-json\/wp\/v2\/media\/232827"}],"wp:attachment":[{"href":"https:\/\/www.europesays.com\/fr\/wp-json\/wp\/v2\/media?parent=232826"}],"wp:term":[{"taxonomy":"category","embeddable":true,"href":"https:\/\/www.europesays.com\/fr\/wp-json\/wp\/v2\/categories?post=232826"},{"taxonomy":"post_tag","embeddable":true,"href":"https:\/\/www.europesays.com\/fr\/wp-json\/wp\/v2\/tags?post=232826"}],"curies":[{"name":"wp","href":"https:\/\/api.w.org\/{rel}","templated":true}]}}